{"id":7316,"date":"2015-09-18T15:40:06","date_gmt":"2015-09-18T20:40:06","guid":{"rendered":"https:\/\/emisora.univalle.edu.co\/\/?p=7316"},"modified":"2015-09-18T15:40:06","modified_gmt":"2015-09-18T20:40:06","slug":"energia-solar-mueve-la-ciclovida-de-los-calenos-con-el-solar-decathlon","status":"publish","type":"post","link":"https:\/\/emisora.univalle.edu.co\/index.php\/energia-solar-mueve-la-ciclovida-de-los-calenos-con-el-solar-decathlon\/","title":{"rendered":"Energ\u00eda solar mueve la Ciclovida de los cale\u00f1os con el Solar Decathlon"},"content":{"rendered":"<p><span style=\"line-height: 1.5em;\">El Solar Decathlon 2015 y la Secretar\u00eda de Deporte y Recreaci\u00f3n se unen a partir de este domingo para ofrecerles a los cale\u00f1os una experiencia de sostenibilidad en la que el movimiento de los deportistas y los rayos del sol son los protagonistas.<\/span><\/p>\n<p>Gracias a esta alianza, el Solar Decathlon 2015 se hace visible, por primera vez y de manera masiva en la Ciclovida. A partir del domingo 20 de septiembre y hasta el pr\u00f3ximo 4 de octubre, se realizar\u00e1n recorridos por las tarimas de La Luna, La Novena y El Ingenio.<\/p>\n<p>En dichas tarimas, un grupo de entusiastas de la vida sostenible motivar\u00e1 a los deportistas a llevar una vida saludable y les mostrar\u00e1 c\u00f3mo durante una hora -La Hora Solar- toda la tarima: su sonido, luces y dem\u00e1s elementos de montaje, funcionar\u00e1n \u00fanicamente con energ\u00eda del sol.<\/p>\n<p>Esta actividad en la Ciclovida es una respuesta positiva a los valores del deporte en la sociedad: La actividad f\u00edsica, la recreaci\u00f3n,\u00a0 el uso de nuevas tecnolog\u00edas y de energ\u00eda limpia hacen parte de un estilo de vida sostenible, y eso es justamente lo que el Solar Decathlon 2015 promueve.<\/p>\n<p>Como elemento innovador, las tres tarimas mencionadas de la Ciclovida funcionar\u00e1n durante una hora con energ\u00eda producida con paneles solares. Se realizar\u00e1n tambi\u00e9n recorridos en bicicletas sostenibles hechas de bamb\u00fa -aportadas por\u00a0 la Ecocultura en alianza con el equipo de innovaci\u00f3n de Emcali y se contar\u00e1 con tropas que se desplazar\u00e1n en bicicletas t\u00e1ndem a lo largo del recorrido.<\/p>\n<p>La Alcald\u00eda de Santiago de Cali, Emcali, CVC, Dagma, Epsa, la Universidad del Valle y la Fundaci\u00f3n FES convocan a los medios de comunicaci\u00f3n a la Ciclovida para hacer parte de la actividad \u2018Energ\u00eda, Movimiento y Bienestar\u2019 en el que el Solar decathlon demostrar\u00e1 c\u00f3mo el deporte y el uso de energ\u00eda solar hacen parte de la construcci\u00f3n de una vida sostenible.<\/p>\n<p>Esta ser\u00e1 la primera gran actividad masiva de divulgaci\u00f3n del Solar Decathlon en la ciudad de Cali y contar\u00e1 con la presencia de la secretaria de Deporte, Claudia Rojas, y el director general del proyecto, Carlos Rodr\u00edguez.<\/p>\n<p>Lugar y hora: tarima La Luna (9:30 a.m.), tarima La Novena (10:30 a.m.), tarima El Ingenio (11:30 a.m.)<\/p>\n<p>Fechas: Domingo 20 de septiembre, 28 de septiembre y 4 de octubre<\/p>\n<p>Fuente: Comunicaciones Alcald\u00eda, Emcali Y Agencia de &lt;noticias UniValle<\/p>\n","protected":false},"excerpt":{"rendered":"<p>El Solar Decathlon 2015 y la Secretar\u00eda de Deporte y Recreaci\u00f3n se unen a partir de este domingo para ofrecerles a los cale\u00f1os una experiencia de sostenibilidad en la que el movimiento de los deportistas y los rayos del sol son los protagonistas. Gracias a esta alianza, el Solar Decathlon[&#8230;]<\/p>\n","protected":false},"author":1,"featured_media":7302,"comment_status":"open","ping_status":"open","sticky":false,"template":"","format":"standard","meta":{"footnotes":""},"categories":[4],"tags":[],"_links":{"self":[{"href":"https:\/\/emisora.univalle.edu.co\/index.php\/wp-json\/wp\/v2\/posts\/7316"}],"collection":[{"href":"https:\/\/emisora.univalle.edu.co\/index.php\/wp-json\/wp\/v2\/posts"}],"about":[{"href":"https:\/\/emisora.univalle.edu.co\/index.php\/wp-json\/wp\/v2\/types\/post"}],"author":[{"embeddable":true,"href":"https:\/\/emisora.univalle.edu.co\/index.php\/wp-json\/wp\/v2\/users\/1"}],"replies":[{"embeddable":true,"href":"https:\/\/emisora.univalle.edu.co\/index.php\/wp-json\/wp\/v2\/comments?post=7316"}],"version-history":[{"count":1,"href":"https:\/\/emisora.univalle.edu.co\/index.php\/wp-json\/wp\/v2\/posts\/7316\/revisions"}],"predecessor-version":[{"id":7317,"href":"https:\/\/emisora.univalle.edu.co\/index.php\/wp-json\/wp\/v2\/posts\/7316\/revisions\/7317"}],"wp:featuredmedia":[{"embeddable":true,"href":"https:\/\/emisora.univalle.edu.co\/index.php\/wp-json\/wp\/v2\/media\/7302"}],"wp:attachment":[{"href":"https:\/\/emisora.univalle.edu.co\/index.php\/wp-json\/wp\/v2\/media?parent=7316"}],"wp:term":[{"taxonomy":"category","embeddable":true,"href":"https:\/\/emisora.univalle.edu.co\/index.php\/wp-json\/wp\/v2\/categories?post=7316"},{"taxonomy":"post_tag","embeddable":true,"href":"https:\/\/emisora.univalle.edu.co\/index.php\/wp-json\/wp\/v2\/tags?post=7316"}],"curies":[{"name":"wp","href":"https:\/\/api.w.org\/{rel}","templated":true}]}}