{"id":7318,"date":"2015-09-21T15:00:06","date_gmt":"2015-09-21T20:00:06","guid":{"rendered":"https:\/\/emisora.univalle.edu.co\/\/?p=7318"},"modified":"2015-09-21T14:56:15","modified_gmt":"2015-09-21T19:56:15","slug":"dia-sin-carro-y-moto-al-interior-de-univalle","status":"publish","type":"post","link":"https:\/\/emisora.univalle.edu.co\/index.php\/dia-sin-carro-y-moto-al-interior-de-univalle\/","title":{"rendered":"22 de septiembre: \u00abD\u00eda sin carro y moto al interior de Univalle\u00bb"},"content":{"rendered":"<p style=\"text-align: center;\"><strong><span style=\"line-height: 1.5em;\">La Universidad reivindica la movilidad sustentable con el primer d\u00eda sin carro y sin moto al interior del Campus de Mel\u00e9ndez.<\/span><\/strong><\/p>\n<p>La Universidad del Valle convoca a la comunidad universitaria, este 22 de septiembre, para hacer parte de las actividades del \u201cD\u00eda sin carro y sin moto\u201d, sum\u00e1ndose a un conjunto de acciones que reivindican la movilidad sustentable en el mundo.<\/p>\n<p>Mediante Resoluci\u00f3n de Rector\u00eda se institucionaliza el d\u00eda del no Carro y no Moto de la Ciudad Universitaria\u00a0 de Mel\u00e9ndez, el 22 de septiembre de cada a\u00f1o.<\/p>\n<p>La institucionalizaci\u00f3n implica que no se permitir\u00e1 el ingreso de veh\u00edculos automotores y motos en el campus de Mel\u00e9ndez\u00a0 el 22 de septiembre, entre las 5.00 a.m y las 11.00 p.m.<\/p>\n<p>El 22 de septiembre se celebra el \u201cD\u00eda Mundial sin Carro\u201d, una iniciativa promovida en ciudades como Reikiavik (Islandia), La Rochelle (Francia) y Bath (de Reino Unido) desde el 2000.<\/p>\n<p>Como parte de las actividades programadas, para el martes 22 de septiembre, se realizar\u00e1 el Foro \u201cCali: movilidad urbana en Cicla\u201d, en el Auditorio \u00c1ngel Zapata de la Biblioteca Mario Carvajal, a partir de las 9:00 a.m. El mismo d\u00eda, a las 4:00 p.m., saldr\u00e1 desde el Campus Mel\u00e9ndez el \u201cCiclopaseo POR LA VIDA Jhonny Silva Aranguren\u201d.<\/p>\n<p>El mi\u00e9rcoles 23 de septiembre se realizar\u00e1 el \u201cTaller de construcci\u00f3n participativa de pol\u00edticas p\u00fablicas &#8211; sistemas de movilidad urbana cicloinclusivos\u201d, con el apoyo y participaci\u00f3n del Ministerio Nacional de Transporte.<\/p>\n<p>Agenda Taller MinTransporte: <a href=\"https:\/\/drive.google.com\/file\/d\/0BzGoTc_BVojJYnZ3Um5CYmV0dlE\/view?pli=1\">https:\/\/drive.google.com\/file\/d\/0BzGoTc_BVojJYnZ3Um5CYmV0dlE\/view?pli=1<\/a><\/p>\n<p>Ver Resoluci\u00f3n de la Rector\u00eda; <a href=\"https:\/\/drive.google.com\/file\/d\/0BzGoTc_BVojJQkpaa3ZOdHVBYnc\/view?pli=1\">https:\/\/drive.google.com\/file\/d\/0BzGoTc_BVojJQkpaa3ZOdHVBYnc\/view?pli=1<\/a><\/p>\n<p><b>Programaci\u00f3n<\/b><\/p>\n<p>Septiembre 22 de 2015<\/p>\n<p>Foro \u201cCali: movilidad urbana en Cicla\u201d<\/p>\n<p>Auditorio \u00c1ngel Zapata \u2013 Biblioteca Mario Carvajal<\/p>\n<p>Hora: 9 a.m -12:30 p.m.<\/p>\n<p>Organiza: CicloAmigos<\/p>\n<p><b>\u00a0Agenda:<\/b><\/p>\n<p>9:00 Inscripciones<\/p>\n<p>9:30 Ing. Elsy Ospina Duque. Proyecto Ciclorutas. Secretar\u00eda de Infraestructura Vial &#8211; Alcald\u00eda de Cali<\/p>\n<p>10:15 Profesor Ciro Jaramillo: ciclocarriles y MIO. Facultad de Ingenier\u00edas &#8211; Universidad del Valle<\/p>\n<p>11:00 Abogado Armando Palau: Reflexiones jur\u00eddicas sobre la bicicleta<\/p>\n<p>11:45 Abogado Jos\u00e9 Mar\u00eda Borrero: Es mejor en bicicleta. Fundaci\u00f3n CELA<\/p>\n<p>12:00 Plenaria<\/p>\n<p>12:30 Cierre<\/p>\n<p><b>\u00a0Ciclopaseo vespertino por la vida, Jhonny Silva Aranguren<\/b><\/p>\n<p>Organiza: A Univalle en Bici, CicloAmigos<\/p>\n<p>Lugar de Salida: Univalle, Mel\u00e9ndez &#8211; fruter\u00eda<\/p>\n<p>Llegada: Parque Panamericano 6:30 p.m.<\/p>\n<p>Hora: 4 p.m.<\/p>\n<p>Recorrido: Pasoancho- Carrera 66- Calle 9\u00aa- Carrera 39- Calle 5\u00aa- Hospital Departamental (Plant\u00f3n)- Parque de las Banderas. Tiempo esperado del recorrido Una hora y 45 minutos. Distancia: aproximadamente 10 Km<\/p>\n<p>Fuente: Agencia de Noticias UniValle<\/p>\n","protected":false},"excerpt":{"rendered":"<p>La Universidad reivindica la movilidad sustentable con el primer d\u00eda sin carro y sin moto al interior del Campus de Mel\u00e9ndez. La Universidad del Valle convoca a la comunidad universitaria, este 22 de septiembre, para hacer parte de las actividades del \u201cD\u00eda sin carro y sin moto\u201d, sum\u00e1ndose a un[&#8230;]<\/p>\n","protected":false},"author":1,"featured_media":7306,"comment_status":"open","ping_status":"open","sticky":false,"template":"","format":"standard","meta":{"footnotes":""},"categories":[4],"tags":[],"_links":{"self":[{"href":"https:\/\/emisora.univalle.edu.co\/index.php\/wp-json\/wp\/v2\/posts\/7318"}],"collection":[{"href":"https:\/\/emisora.univalle.edu.co\/index.php\/wp-json\/wp\/v2\/posts"}],"about":[{"href":"https:\/\/emisora.univalle.edu.co\/index.php\/wp-json\/wp\/v2\/types\/post"}],"author":[{"embeddable":true,"href":"https:\/\/emisora.univalle.edu.co\/index.php\/wp-json\/wp\/v2\/users\/1"}],"replies":[{"embeddable":true,"href":"https:\/\/emisora.univalle.edu.co\/index.php\/wp-json\/wp\/v2\/comments?post=7318"}],"version-history":[{"count":5,"href":"https:\/\/emisora.univalle.edu.co\/index.php\/wp-json\/wp\/v2\/posts\/7318\/revisions"}],"predecessor-version":[{"id":7366,"href":"https:\/\/emisora.univalle.edu.co\/index.php\/wp-json\/wp\/v2\/posts\/7318\/revisions\/7366"}],"wp:featuredmedia":[{"embeddable":true,"href":"https:\/\/emisora.univalle.edu.co\/index.php\/wp-json\/wp\/v2\/media\/7306"}],"wp:attachment":[{"href":"https:\/\/emisora.univalle.edu.co\/index.php\/wp-json\/wp\/v2\/media?parent=7318"}],"wp:term":[{"taxonomy":"category","embeddable":true,"href":"https:\/\/emisora.univalle.edu.co\/index.php\/wp-json\/wp\/v2\/categories?post=7318"},{"taxonomy":"post_tag","embeddable":true,"href":"https:\/\/emisora.univalle.edu.co\/index.php\/wp-json\/wp\/v2\/tags?post=7318"}],"curies":[{"name":"wp","href":"https:\/\/api.w.org\/{rel}","templated":true}]}}