{"id":7345,"date":"2015-09-21T14:33:01","date_gmt":"2015-09-21T19:33:01","guid":{"rendered":"https:\/\/emisora.univalle.edu.co\/\/?p=7345"},"modified":"2015-09-21T14:33:01","modified_gmt":"2015-09-21T19:33:01","slug":"sedes-educativas-de-cali-se-benefician-con-plan-pacifico-del-ministerio-de-educacion","status":"publish","type":"post","link":"https:\/\/emisora.univalle.edu.co\/index.php\/sedes-educativas-de-cali-se-benefician-con-plan-pacifico-del-ministerio-de-educacion\/","title":{"rendered":"Sedes educativas de Cali se benefician con Plan Pac\u00edfico del Ministerio de Educaci\u00f3n"},"content":{"rendered":"<p><span style=\"line-height: 1.5em;\">Como parte del Plan Pac\u00edfico del Ministerio de Educaci\u00f3n para fortalecer la infraestructura educativa de \u00e9sta regi\u00f3n, se firmaron en Cali las actas de inicio de las obras que beneficiaran a miles de estudiantes que participan del programa Jornada \u00danica.<\/span><\/p>\n<p>Edgar Jos\u00e9 Polanco Pereira, jefe de la cartera educativa cale\u00f1a se mostr\u00f3 satisfecho con dicho acuerdo \u201cporque Cali suscribi\u00f3 un convenio con el Ministerio de Educaci\u00f3n en el que se viabilizaron 18 predios en la primera convocatoria y se encuentran en estudio 54 predios m\u00e1s para la segunda convocatoria, la idea es fortalecer de manera significativa las infraestructuras educativas de la ciudad\u201d.<a href=\"https:\/\/emisora.univalle.edu.co\/\/wp-content\/uploads\/2015\/09\/Sedes-educativas.jpg\" data-lightbox=\"gal[7345]\"><img loading=\"lazy\" decoding=\"async\" class=\"alignright  wp-image-7342\" alt=\"Sedes educativas\" src=\"https:\/\/emisora.univalle.edu.co\/\/wp-content\/uploads\/2015\/09\/Sedes-educativas.jpg\" width=\"482\" height=\"232\" srcset=\"https:\/\/emisora.univalle.edu.co\/wp-content\/uploads\/2015\/09\/Sedes-educativas.jpg 670w, https:\/\/emisora.univalle.edu.co\/wp-content\/uploads\/2015\/09\/Sedes-educativas-300x144.jpg 300w, https:\/\/emisora.univalle.edu.co\/wp-content\/uploads\/2015\/09\/Sedes-educativas-438x211.jpg 438w\" sizes=\"(max-width: 482px) 100vw, 482px\" \/><\/a><\/p>\n<p>As\u00ed mismo, est\u00e1n en ejecuci\u00f3n dos obras en las instituciones educativas Eustaquio Palacios, financiadas en su totalidad por el Ministerio, donde se construyen nuevos bloques de aulas con bater\u00edas sanitarias en el marco del programa\u00a0 Colegios 10.<\/p>\n<p>De otra parte, en la Instituci\u00f3n Educativa Normal Superior Santiago de Cali la Secretar\u00eda de educaci\u00f3n financia con recursos propios con 850 millones\u00a0 y el Ministerio aporta cerca de 3000 millones y hay una tercera obra que esta para firma de acta de inicio en la instituci\u00f3n la Merced.<\/p>\n<p>El Ministerio favorecer\u00e1 a 43 sedes educativas de 17 municipios de la regi\u00f3n pacifica para mejorar las condiciones de aproximadamente 15 mil estudiantes. En Choco 44 aulas, en el Valle del Cauca, 102 aulas y otras tanto en Nari\u00f1o.<\/p>\n<p>Finalmente, la Ministra de Educaci\u00f3n Gina Parody, exalt\u00f3 la labor realizada por la Instituci\u00f3n Educativa Eustaquio Palacios, por su compromiso y por ser pionera en la implementaci\u00f3n de actividades propias de jornada extendida, apunt\u00e1ndole constantemente a una mejor propuesta educativa para sus estudiantes.<\/p>\n<p>Fuente: Comunicaciones Alcald\u00eda<\/p>\n","protected":false},"excerpt":{"rendered":"<p>Como parte del Plan Pac\u00edfico del Ministerio de Educaci\u00f3n para fortalecer la infraestructura educativa de \u00e9sta regi\u00f3n, se firmaron en Cali las actas de inicio de las obras que beneficiaran a miles de estudiantes que participan del programa Jornada \u00danica. Edgar Jos\u00e9 Polanco Pereira, jefe de la cartera educativa cale\u00f1a[&#8230;]<\/p>\n","protected":false},"author":1,"featured_media":7339,"comment_status":"open","ping_status":"open","sticky":false,"template":"","format":"standard","meta":{"footnotes":""},"categories":[4],"tags":[],"_links":{"self":[{"href":"https:\/\/emisora.univalle.edu.co\/index.php\/wp-json\/wp\/v2\/posts\/7345"}],"collection":[{"href":"https:\/\/emisora.univalle.edu.co\/index.php\/wp-json\/wp\/v2\/posts"}],"about":[{"href":"https:\/\/emisora.univalle.edu.co\/index.php\/wp-json\/wp\/v2\/types\/post"}],"author":[{"embeddable":true,"href":"https:\/\/emisora.univalle.edu.co\/index.php\/wp-json\/wp\/v2\/users\/1"}],"replies":[{"embeddable":true,"href":"https:\/\/emisora.univalle.edu.co\/index.php\/wp-json\/wp\/v2\/comments?post=7345"}],"version-history":[{"count":1,"href":"https:\/\/emisora.univalle.edu.co\/index.php\/wp-json\/wp\/v2\/posts\/7345\/revisions"}],"predecessor-version":[{"id":7346,"href":"https:\/\/emisora.univalle.edu.co\/index.php\/wp-json\/wp\/v2\/posts\/7345\/revisions\/7346"}],"wp:featuredmedia":[{"embeddable":true,"href":"https:\/\/emisora.univalle.edu.co\/index.php\/wp-json\/wp\/v2\/media\/7339"}],"wp:attachment":[{"href":"https:\/\/emisora.univalle.edu.co\/index.php\/wp-json\/wp\/v2\/media?parent=7345"}],"wp:term":[{"taxonomy":"category","embeddable":true,"href":"https:\/\/emisora.univalle.edu.co\/index.php\/wp-json\/wp\/v2\/categories?post=7345"},{"taxonomy":"post_tag","embeddable":true,"href":"https:\/\/emisora.univalle.edu.co\/index.php\/wp-json\/wp\/v2\/tags?post=7345"}],"curies":[{"name":"wp","href":"https:\/\/api.w.org\/{rel}","templated":true}]}}