{"id":7347,"date":"2015-09-21T14:40:43","date_gmt":"2015-09-21T19:40:43","guid":{"rendered":"https:\/\/emisora.univalle.edu.co\/\/?p=7347"},"modified":"2015-09-21T14:40:43","modified_gmt":"2015-09-21T19:40:43","slug":"gobernador-del-valle-y-minambiente-anunciaron-recursos-para-cuerpo-de-bomberos","status":"publish","type":"post","link":"https:\/\/emisora.univalle.edu.co\/index.php\/gobernador-del-valle-y-minambiente-anunciaron-recursos-para-cuerpo-de-bomberos\/","title":{"rendered":"Gobernador del Valle y Minambiente anunciaron recursos para cuerpo de bomberos"},"content":{"rendered":"<p><span style=\"line-height: 1.5em;\">Durante la visita del Ministro de Medio Ambiente Gabriel Vallejo a Cali donde fue recibido por el Gobernador del Valle Ubeimar Delgado Bland\u00f3n, el alto funcionario conoci\u00f3 un informe detallado de la situaci\u00f3n de riesgo en que se encuentra la regi\u00f3n por el fen\u00f3meno del Ni\u00f1o.<\/span><\/p>\n<p><a href=\"https:\/\/emisora.univalle.edu.co\/\/wp-content\/uploads\/2015\/05\/Ubeimar.jpg\" data-lightbox=\"gal[7347]\"><img loading=\"lazy\" decoding=\"async\" class=\" wp-image-3559 alignleft\" alt=\"Ubeimar\" src=\"https:\/\/emisora.univalle.edu.co\/\/wp-content\/uploads\/2015\/05\/Ubeimar.jpg\" width=\"367\" height=\"231\" srcset=\"https:\/\/emisora.univalle.edu.co\/wp-content\/uploads\/2015\/05\/Ubeimar.jpg 765w, https:\/\/emisora.univalle.edu.co\/wp-content\/uploads\/2015\/05\/Ubeimar-300x188.jpg 300w, https:\/\/emisora.univalle.edu.co\/wp-content\/uploads\/2015\/05\/Ubeimar-438x275.jpg 438w\" sizes=\"(max-width: 367px) 100vw, 367px\" \/><\/a>El gobernador Ubeimar Delgado indic\u00f3 que \u201cHemos sido muy claros con el se\u00f1or ministro que al estar el departamento en ley 550 y tras pagar m\u00e1s de la mitad de la deuda del departamento, la gobernaci\u00f3n no tiene unos recursos disponibles para atender este tipo de emergencias o por lo menos la deuda atrasada que se tiene con los cuerpos de bomberos. Sabemos que el cuerpo de bomberos del Valle es muy eficiente y es conformado por m\u00e1s de 3.200 bomberos y de verdad que han hecho una labor maravillosa, pero la solicitud al se\u00f1or ministro es que ellos requieren una inversi\u00f3n de 6.000 millones para equipos modernos como se requiere. Igualmente se dio un informe muy claro por parte de la CVC, tenemos las alertas complejas hasta el momento con el embalse de Sara BRUT el cual est\u00e1 por debajo del 26% de su capacidad. Hemos contextualizado al Ministro y ya tiene nuestras peticiones con respecto a las necesidades\u201d.<\/p>\n<p><a href=\"https:\/\/emisora.univalle.edu.co\/\/wp-content\/uploads\/2015\/09\/MinAmbiente.jpg\" data-lightbox=\"gal[7347]\"><img loading=\"lazy\" decoding=\"async\" class=\"alignright size-full wp-image-7348\" alt=\"MinAmbiente\" src=\"https:\/\/emisora.univalle.edu.co\/\/wp-content\/uploads\/2015\/09\/MinAmbiente.jpg\" width=\"267\" height=\"189\" \/><\/a>El ministro\u00a0 Gabriel Vallejo respald\u00f3 la solicitud del gobernador Ubeimar Delgado\u00a0 de gestionar recursos para los cuerpos de bomberos.<\/p>\n<p>\u201cHicimos un an\u00e1lisis muy detallado de toda la situaci\u00f3n con respecto a la declaratoria de la calamidad por parte del gobernador y de las estrategias que tenemos que seguir.<\/p>\n<p>El Comit\u00e9 departamental de bomberos hizo un an\u00e1lisis sobre lo que se requiere para la prestaci\u00f3n del servicio y lo m\u00e1s importante los requisitos que necesitan con estos elementos. Tomamos varias decisiones y, a trav\u00e9s del Ministerio de Agricultura con autorizaci\u00f3n del se\u00f1or presidente de la rep\u00fablica ser\u00e1n enviados a la zona una comisi\u00f3n para evaluar con los agricultores que han tenido problemas como consecuencia de los incendios forestales para saber c\u00f3mo gobierno en que se ayuda al sector agricultor. Los bomberos hicieron una solicitud concreta y como medida especial la Unidad de Gesti\u00f3n del Riesgo acaba de autorizar unos elementos, unas herramientas especiales y en el caso del Ministerio a trav\u00e9s del Fondo Nacional Ambiental vamos a revisar si logramos unos recursos pero sobretodo las herramientas que los bomberos requieren. Por \u00faltimo, la situaci\u00f3n compleja del agua se reunir\u00e1 ma\u00f1ana la viceministra de aguas con Rub\u00e9n Dar\u00edo Mater\u00f3n director de CVC para saber qu\u00e9 soluciones se pueden tener a corto plazo con las necesidades sentidas de carro tanques para proveer de agua las zonas que los requieren\u201d, enfatiz\u00f3 el ministro.<\/p>\n<p>Durante la reuni\u00f3n se anunci\u00f3 la penalizaci\u00f3n a los pir\u00f3manos y de igual manera la suspensi\u00f3n\u00a0 de la quema de ca\u00f1a.<\/p>\n<p>El gobernador y el ministro tuvieron la oportunidad de conocer la sala de crisis instada en la sede del cuerpo de bomberos en Cali.<\/p>\n<p><a href=\"https:\/\/emisora.univalle.edu.co\/\/wp-content\/uploads\/2015\/09\/Bomberos.jpg\" data-lightbox=\"gal[7347]\"><img loading=\"lazy\" decoding=\"async\" class=\" wp-image-7349 alignleft\" alt=\"Bomberos\" src=\"https:\/\/emisora.univalle.edu.co\/\/wp-content\/uploads\/2015\/09\/Bomberos.jpg\" width=\"230\" height=\"168\" srcset=\"https:\/\/emisora.univalle.edu.co\/wp-content\/uploads\/2015\/09\/Bomberos.jpg 328w, https:\/\/emisora.univalle.edu.co\/wp-content\/uploads\/2015\/09\/Bomberos-300x219.jpg 300w\" sizes=\"(max-width: 230px) 100vw, 230px\" \/><\/a><\/p>\n<p>Fuente: Comunicaciones Gobernaci\u00f3n<\/p>\n","protected":false},"excerpt":{"rendered":"<p>Durante la visita del Ministro de Medio Ambiente Gabriel Vallejo a Cali donde fue recibido por el Gobernador del Valle Ubeimar Delgado Bland\u00f3n, el alto funcionario conoci\u00f3 un informe detallado de la situaci\u00f3n de riesgo en que se encuentra la regi\u00f3n por el fen\u00f3meno del Ni\u00f1o. El gobernador Ubeimar Delgado[&#8230;]<\/p>\n","protected":false},"author":1,"featured_media":7340,"comment_status":"open","ping_status":"open","sticky":false,"template":"","format":"standard","meta":{"footnotes":""},"categories":[4],"tags":[],"_links":{"self":[{"href":"https:\/\/emisora.univalle.edu.co\/index.php\/wp-json\/wp\/v2\/posts\/7347"}],"collection":[{"href":"https:\/\/emisora.univalle.edu.co\/index.php\/wp-json\/wp\/v2\/posts"}],"about":[{"href":"https:\/\/emisora.univalle.edu.co\/index.php\/wp-json\/wp\/v2\/types\/post"}],"author":[{"embeddable":true,"href":"https:\/\/emisora.univalle.edu.co\/index.php\/wp-json\/wp\/v2\/users\/1"}],"replies":[{"embeddable":true,"href":"https:\/\/emisora.univalle.edu.co\/index.php\/wp-json\/wp\/v2\/comments?post=7347"}],"version-history":[{"count":1,"href":"https:\/\/emisora.univalle.edu.co\/index.php\/wp-json\/wp\/v2\/posts\/7347\/revisions"}],"predecessor-version":[{"id":7350,"href":"https:\/\/emisora.univalle.edu.co\/index.php\/wp-json\/wp\/v2\/posts\/7347\/revisions\/7350"}],"wp:featuredmedia":[{"embeddable":true,"href":"https:\/\/emisora.univalle.edu.co\/index.php\/wp-json\/wp\/v2\/media\/7340"}],"wp:attachment":[{"href":"https:\/\/emisora.univalle.edu.co\/index.php\/wp-json\/wp\/v2\/media?parent=7347"}],"wp:term":[{"taxonomy":"category","embeddable":true,"href":"https:\/\/emisora.univalle.edu.co\/index.php\/wp-json\/wp\/v2\/categories?post=7347"},{"taxonomy":"post_tag","embeddable":true,"href":"https:\/\/emisora.univalle.edu.co\/index.php\/wp-json\/wp\/v2\/tags?post=7347"}],"curies":[{"name":"wp","href":"https:\/\/api.w.org\/{rel}","templated":true}]}}