{"id":7351,"date":"2015-09-21T14:41:57","date_gmt":"2015-09-21T19:41:57","guid":{"rendered":"https:\/\/emisora.univalle.edu.co\/\/?p=7351"},"modified":"2015-09-21T15:02:05","modified_gmt":"2015-09-21T20:02:05","slug":"rueda-el-festival-de-cine-afro-con-apoyo-de-la-asesoria-de-asuntos-etnicos","status":"publish","type":"post","link":"https:\/\/emisora.univalle.edu.co\/index.php\/rueda-el-festival-de-cine-afro-con-apoyo-de-la-asesoria-de-asuntos-etnicos\/","title":{"rendered":"Rueda el Festival de Cine Afro, con apoyo de la Asesor\u00eda de Asuntos \u00c9tnicos"},"content":{"rendered":"<p><span style=\"line-height: 1.5em;\">Hoy se dio inicio en Cali al Festival Nacional de Cine afro Ananse 2015, un evento que pretende visibilizar la cultura y la idiosincrasia de la poblaci\u00f3n afrocolombiana, plasmadas en videos por realizadores audiovisuales\u00a0 de Colombia y el Mundo.<\/span><\/p>\n<p>Este a\u00f1o, Ananse trae a Cali videos y documentales de Brasil y de diferentes lugares del territorio nacional, que compiten en dos categor\u00edas: Mejor Video Afro Comunitario y Mejor Documental Afro.<\/p>\n<p>Entre las actividades de este a\u00f1o se destaca el Segundo Foro \u2018Los Afrocolombianos y Sus Medios\u2019, al cual asistir\u00e1n realizadores de Cali, Medell\u00edn, Bogot\u00e1 y Barranquilla, as\u00ed como tambi\u00e9n representantes de la ANTV y del Ministerio de TICS.<\/p>\n<p>La Asesor\u00eda de Asuntos \u00c9tnicos y Afrodescedientes de Santiago de Cali, en cabeza de Mario Alfonso Escobar Medina, le apuesta a este tipo de propuestas que resaltan el quehacer de los afrodescendientes y los aportes de esta poblaci\u00f3n al desarrollo del pa\u00eds.<\/p>\n<p>En este caso, adem\u00e1s se destacan los trabajos que contribuyen al desarrollo audiovisual en el territorio colombiano.<\/p>\n<p>La programaci\u00f3n del Festival\u00a0 la pueden encontrar en el enlace siguiente: http:\/\/anansefestival.org\/programacion-2015\/ .<\/p>\n<p>El Festival de Cine Afro Ananse y la Asesor\u00eda de Asuntos \u00c9tnicos y Afrodescendientes hacen que la historia de todos cuente.<\/p>\n<p>Fuente: Comunicaciones Secretar\u00eda de Cultura<\/p>\n","protected":false},"excerpt":{"rendered":"<p>Hoy se dio inicio en Cali al Festival Nacional de Cine afro Ananse 2015, un evento que pretende visibilizar la cultura y la idiosincrasia de la poblaci\u00f3n afrocolombiana, plasmadas en videos por realizadores audiovisuales\u00a0 de Colombia y el Mundo. Este a\u00f1o, Ananse trae a Cali videos y documentales de Brasil[&#8230;]<\/p>\n","protected":false},"author":1,"featured_media":7334,"comment_status":"closed","ping_status":"closed","sticky":false,"template":"","format":"standard","meta":{"footnotes":""},"categories":[4],"tags":[],"_links":{"self":[{"href":"https:\/\/emisora.univalle.edu.co\/index.php\/wp-json\/wp\/v2\/posts\/7351"}],"collection":[{"href":"https:\/\/emisora.univalle.edu.co\/index.php\/wp-json\/wp\/v2\/posts"}],"about":[{"href":"https:\/\/emisora.univalle.edu.co\/index.php\/wp-json\/wp\/v2\/types\/post"}],"author":[{"embeddable":true,"href":"https:\/\/emisora.univalle.edu.co\/index.php\/wp-json\/wp\/v2\/users\/1"}],"replies":[{"embeddable":true,"href":"https:\/\/emisora.univalle.edu.co\/index.php\/wp-json\/wp\/v2\/comments?post=7351"}],"version-history":[{"count":2,"href":"https:\/\/emisora.univalle.edu.co\/index.php\/wp-json\/wp\/v2\/posts\/7351\/revisions"}],"predecessor-version":[{"id":7354,"href":"https:\/\/emisora.univalle.edu.co\/index.php\/wp-json\/wp\/v2\/posts\/7351\/revisions\/7354"}],"wp:featuredmedia":[{"embeddable":true,"href":"https:\/\/emisora.univalle.edu.co\/index.php\/wp-json\/wp\/v2\/media\/7334"}],"wp:attachment":[{"href":"https:\/\/emisora.univalle.edu.co\/index.php\/wp-json\/wp\/v2\/media?parent=7351"}],"wp:term":[{"taxonomy":"category","embeddable":true,"href":"https:\/\/emisora.univalle.edu.co\/index.php\/wp-json\/wp\/v2\/categories?post=7351"},{"taxonomy":"post_tag","embeddable":true,"href":"https:\/\/emisora.univalle.edu.co\/index.php\/wp-json\/wp\/v2\/tags?post=7351"}],"curies":[{"name":"wp","href":"https:\/\/api.w.org\/{rel}","templated":true}]}}