{"id":7355,"date":"2015-09-21T14:45:32","date_gmt":"2015-09-21T19:45:32","guid":{"rendered":"https:\/\/emisora.univalle.edu.co\/\/?p=7355"},"modified":"2015-09-21T14:45:32","modified_gmt":"2015-09-21T19:45:32","slug":"cali-esta-lista-para-el-ajazzgo-del-jazz-arranca-este-martes","status":"publish","type":"post","link":"https:\/\/emisora.univalle.edu.co\/index.php\/cali-esta-lista-para-el-ajazzgo-del-jazz-arranca-este-martes\/","title":{"rendered":"Cali est\u00e1 lista para el Ajazzgo del Jazz; arranca este martes"},"content":{"rendered":"<p><span style=\"line-height: 1.5em;\"><a href=\"https:\/\/emisora.univalle.edu.co\/\/wp-content\/uploads\/2015\/09\/Ajazzgo1.png\" data-lightbox=\"gal[7355]\"><img loading=\"lazy\" decoding=\"async\" class=\"size-full wp-image-7331 alignleft\" alt=\"Ajazzgo1\" src=\"https:\/\/emisora.univalle.edu.co\/\/wp-content\/uploads\/2015\/09\/Ajazzgo1.png\" width=\"344\" height=\"500\" srcset=\"https:\/\/emisora.univalle.edu.co\/wp-content\/uploads\/2015\/09\/Ajazzgo1.png 344w, https:\/\/emisora.univalle.edu.co\/wp-content\/uploads\/2015\/09\/Ajazzgo1-206x300.png 206w\" sizes=\"(max-width: 344px) 100vw, 344px\" \/><\/a>Desde este martes 22 de septiembre se inicia la edici\u00f3n n\u00famero 15 del Encuentro de Creadores de Jazz Fusi\u00f3n y Experimental Ajazzgo Cali 2015.<\/span><\/p>\n<p>Ocho conciertos gratuitos, siete agrupaciones nacionales y seis internacionales, incluido el concierto de celebraci\u00f3n de 15 a\u00f1os con el maestro Eddie Palmieri, hacen parte de la programaci\u00f3n art\u00edstica.<\/p>\n<p>La programaci\u00f3n pedag\u00f3gica es 100% gratuita.<\/p>\n<p>La mixtura de tradiciones musicales como la de \u00c1frica Occidental y la de Europa, dieron origen al jazz en los Estados Unidos del siglo XX.<\/p>\n<p>El Siglo XX, periodo de grandes acontecimientos hist\u00f3ricos, fue cuna de diferentes manifestaciones en la m\u00fasica, entre ellas el jazz que trajo consigo nuevos sonidos, estilos y est\u00e9ticas mel\u00f3dicas.<\/p>\n<p>La importancia de este g\u00e9nero musical que cruza fronteras y se deconstruye con el folclor y sentir propio de m\u00fasicos, compositores, arreglistas y doctos de todas las latitudes, tambi\u00e9n tiene mucho que ver con el movimiento musical que emerge en el pa\u00eds.<\/p>\n<p>Gracias a los espacios de intercambio art\u00edsticos, culturales y pedag\u00f3gicos que se han gestado en Colombia, a lo largo de m\u00e1s de veinte a\u00f1os, los artistas nacionales e internacionales han acercado a los diversos p\u00fablicos de especialistas, aficionados del g\u00e9nero y de la m\u00fasica en su m\u00e1xima expresi\u00f3n al swing y las pulsaciones del jazz.<\/p>\n<p>El Encuentro de Creadores de Jazz Fusi\u00f3n y Experimental Ajazzgo hace parte del movimiento jazz\u00edstico del pa\u00eds, como una propuesta que durante los \u00faltimos quince a\u00f1os ha contado con la participaci\u00f3n de m\u00fasicos y agrupaciones mundiales, as\u00ed como con talento nacional de exportaci\u00f3n.<\/p>\n<p>En este 2015, el Festival Ajazzgo se complace en presentar dentro de su programaci\u00f3n a los artistas nacionales: Siguarajazz Cuarteto de Medell\u00edn, Melissa Pinto Quinteto de Cartagena, Jazz Gamblers, Haga que Pase, Taxi Brown, Ruda Jazz y la Banda Infantil San Basilio de Cali y el Valle del Cauca; m\u00fasicos e int\u00e9rpretes que fusionan la cultura musical popular y se atreven a crear nuevas propuestas y sonidos del jazz.<\/p>\n<p>Entre los invitados internacionales est\u00e1n: Lavo Ensemble, Michael Fleiner, Poncho S\u00e1nchez, Jos\u00e9 Feliciano, Danilo P\u00e9rez y Eddie Palmieri en el concierto de celebraci\u00f3n de los 15 a\u00f1os de Ajazzgo el 2 de octubre.<\/p>\n<p>Del 22 al 27 de septiembre progr\u00e1mese con el Festival Ajazzgo de Cali.<\/p>\n<p>\u00a1Festival Ajazzgo Cali 2015, la mejor m\u00fasica del mundo en Cali!<\/p>\n<p>Informes: www.ajazzgofestival.com\u00a0\u00a0\u00a0 y\u00a0 <a href=\"http:\/\/www.circuitodejazzcolombia.com\/\">www.circuitodejazzcolombia.com<\/a><\/p>\n<p>Fuente: Comunicaciones Secretar\u00eda de Cultura<\/p>\n","protected":false},"excerpt":{"rendered":"<p>Desde este martes 22 de septiembre se inicia la edici\u00f3n n\u00famero 15 del Encuentro de Creadores de Jazz Fusi\u00f3n y Experimental Ajazzgo Cali 2015. Ocho conciertos gratuitos, siete agrupaciones nacionales y seis internacionales, incluido el concierto de celebraci\u00f3n de 15 a\u00f1os con el maestro Eddie Palmieri, hacen parte de la[&#8230;]<\/p>\n","protected":false},"author":1,"featured_media":7330,"comment_status":"open","ping_status":"open","sticky":false,"template":"","format":"standard","meta":{"footnotes":""},"categories":[4],"tags":[],"_links":{"self":[{"href":"https:\/\/emisora.univalle.edu.co\/index.php\/wp-json\/wp\/v2\/posts\/7355"}],"collection":[{"href":"https:\/\/emisora.univalle.edu.co\/index.php\/wp-json\/wp\/v2\/posts"}],"about":[{"href":"https:\/\/emisora.univalle.edu.co\/index.php\/wp-json\/wp\/v2\/types\/post"}],"author":[{"embeddable":true,"href":"https:\/\/emisora.univalle.edu.co\/index.php\/wp-json\/wp\/v2\/users\/1"}],"replies":[{"embeddable":true,"href":"https:\/\/emisora.univalle.edu.co\/index.php\/wp-json\/wp\/v2\/comments?post=7355"}],"version-history":[{"count":1,"href":"https:\/\/emisora.univalle.edu.co\/index.php\/wp-json\/wp\/v2\/posts\/7355\/revisions"}],"predecessor-version":[{"id":7356,"href":"https:\/\/emisora.univalle.edu.co\/index.php\/wp-json\/wp\/v2\/posts\/7355\/revisions\/7356"}],"wp:featuredmedia":[{"embeddable":true,"href":"https:\/\/emisora.univalle.edu.co\/index.php\/wp-json\/wp\/v2\/media\/7330"}],"wp:attachment":[{"href":"https:\/\/emisora.univalle.edu.co\/index.php\/wp-json\/wp\/v2\/media?parent=7355"}],"wp:term":[{"taxonomy":"category","embeddable":true,"href":"https:\/\/emisora.univalle.edu.co\/index.php\/wp-json\/wp\/v2\/categories?post=7355"},{"taxonomy":"post_tag","embeddable":true,"href":"https:\/\/emisora.univalle.edu.co\/index.php\/wp-json\/wp\/v2\/tags?post=7355"}],"curies":[{"name":"wp","href":"https:\/\/api.w.org\/{rel}","templated":true}]}}