{"id":7359,"date":"2015-09-21T14:48:11","date_gmt":"2015-09-21T19:48:11","guid":{"rendered":"https:\/\/emisora.univalle.edu.co\/\/?p=7359"},"modified":"2015-09-21T14:48:11","modified_gmt":"2015-09-21T19:48:11","slug":"jornada-unica-es-reconocida-por-el-ministerio-de-educacion","status":"publish","type":"post","link":"https:\/\/emisora.univalle.edu.co\/index.php\/jornada-unica-es-reconocida-por-el-ministerio-de-educacion\/","title":{"rendered":"Jornada \u00fanica es reconocida por el Ministerio de Educaci\u00f3n"},"content":{"rendered":"<p><span style=\"line-height: 1.5em;\">El Ministerio de Educaci\u00f3n Nacional comprometido con la excelencia educativa para Colombia,\u00a0 avanza\u00a0 en la implementaci\u00f3n y\u00a0 mejoramiento de la jornada \u00fanica, ya que est\u00e1 garantiza una educaci\u00f3n de calidad.<\/span><\/p>\n<p>El tiempo de la jornada \u00fanica se compone de las actividades pedag\u00f3gicas, horas para el almuerzo y descanso teniendo esto en cuenta la jornada ser\u00eda de hasta siete horas para los estudiantes de preescolar, ocho horas para primaria y nueve para secundaria, garantizando el componente alimenticio.<\/p>\n<p>De este modo La Secretaria de Educaci\u00f3n hizo una propuesta en el a\u00f1o 2014 al Ministerio de Educaci\u00f3n Nacional, para implementar la jornada \u00fanica en las instituciones educativas oficiales de Cali, la propuesta fue valorada y aceptada adem\u00e1s de ser catalogada\u00a0 como la mejor a nivel nacional.<\/p>\n<p>Seg\u00fan el secretario de educaci\u00f3n, Edgar Jos\u00e9 Polanco, \u201cpara ser pionero de esta transformaci\u00f3n educativa se debe tener en cuenta que el \u00e9xito radica en el uso\u00a0 pedag\u00f3gico que se haga del tiempo escolar, por ello cada instituci\u00f3n debe hacer el ejercicio de planeaci\u00f3n en el cual defina como trabaja el fortalecimiento de las competencias matem\u00e1ticas, comunicativas y cient\u00edficas, as\u00ed como revisar y ajustar de manera integral\u00a0 el curr\u00edculo y el plan de estudio para aprovechar toda la jornada\u201d, afirm\u00f3.<\/p>\n<p>En Santiago de Cali se inici\u00f3 la planeaci\u00f3n del programa Jornada \u00danica en el mes de enero del 2015, con 10 instituciones educativas oficiales, iniciando\u00a0 la jornada \u00fanica el 17 de marzo del\u00a0 a\u00f1o en curso.\u00a0 La secretaria de educaci\u00f3n de Cali acogi\u00e9ndose al\u00a0 lineamiento del\u00a0 Ministerio de Educaci\u00f3n Nacional, ha trabajado en cuatro \u00e1reas fundamentales que son matem\u00e1ticas, ciencias naturales,\u00a0 ingl\u00e9s\u00a0 y lenguaje, llevando a cabo una novedosa propuesta,\u00a0 trabajando\u00a0 con un grupo gestor compuesto por docentes calificados por su trayectoria acad\u00e9mica.<\/p>\n<p>Estos docentes fueron reconocidos con el premio compartir al maestro, por su alto perfil en el cual\u00a0 desarrollan competencias\u00a0 suficientes para el acompa\u00f1amiento en todas las instituciones educativas que realizan la jornada \u00fanica en la capital del departamento de Valle.<\/p>\n<p>Es as\u00ed que en la segunda convocatoria\u00a0 realizada a finales del mes de agosto entraron nueve instituciones educativas oficiales\u00a0\u00a0 ajustando as\u00ed 19 centros educativos en Cali\u00a0 con jornada \u00fanica,\u00a0 arrojando resultados positivos por los objetivos logrados, gracias al\u00a0 compromiso del personal docente, rectores, directivos docentes estudiantes y Secretaria de Educaci\u00f3n Municipal.<\/p>\n<p>Seg\u00fan Carlos Alberto Gil, gerente de jornada \u00fanica, en Cali, \u201c La implementaci\u00f3n de esta jornada\u00a0 es un proceso gradual, actualmente se est\u00e1 a la espera de que el ministerio de educaci\u00f3n haga la tercera convocatoria, muy posiblemente\u00a0 a principios del mes de octubre, dicha convocatoria se har\u00e1 por la p\u00e1gina del ministerio y tan pronto se publique se realizar\u00e1 la convocatoria aqu\u00ed en Cali para ver cuantas instituciones se inscriben para iniciar a\u00f1o lectivo 2016; es importante\u00a0 aclarar que inicialmente es un acuerdo de voluntades no es una imposici\u00f3n de la secretaria a las instituciones educativas, es un acuerdo entre los rectores, profesores, padres de familia y estudiantes\u201d.<\/p>\n<p>De \u00e9sta manera el gobierno municipal contin\u00faa apost\u00e1ndole a programas como la Jornada \u00danica, impactando de manera positiva la calidad de la educaci\u00f3n a los ni\u00f1os, ni\u00f1as y j\u00f3venes para continuar construyendo hoy la Cali del ma\u00f1ana.<\/p>\n<p>Fuente: Comunicaciones Alcald\u00eda<\/p>\n","protected":false},"excerpt":{"rendered":"<p>El Ministerio de Educaci\u00f3n Nacional comprometido con la excelencia educativa para Colombia,\u00a0 avanza\u00a0 en la implementaci\u00f3n y\u00a0 mejoramiento de la jornada \u00fanica, ya que est\u00e1 garantiza una educaci\u00f3n de calidad. El tiempo de la jornada \u00fanica se compone de las actividades pedag\u00f3gicas, horas para el almuerzo y descanso teniendo esto[&#8230;]<\/p>\n","protected":false},"author":1,"featured_media":7336,"comment_status":"open","ping_status":"open","sticky":false,"template":"","format":"standard","meta":{"footnotes":""},"categories":[4],"tags":[],"_links":{"self":[{"href":"https:\/\/emisora.univalle.edu.co\/index.php\/wp-json\/wp\/v2\/posts\/7359"}],"collection":[{"href":"https:\/\/emisora.univalle.edu.co\/index.php\/wp-json\/wp\/v2\/posts"}],"about":[{"href":"https:\/\/emisora.univalle.edu.co\/index.php\/wp-json\/wp\/v2\/types\/post"}],"author":[{"embeddable":true,"href":"https:\/\/emisora.univalle.edu.co\/index.php\/wp-json\/wp\/v2\/users\/1"}],"replies":[{"embeddable":true,"href":"https:\/\/emisora.univalle.edu.co\/index.php\/wp-json\/wp\/v2\/comments?post=7359"}],"version-history":[{"count":1,"href":"https:\/\/emisora.univalle.edu.co\/index.php\/wp-json\/wp\/v2\/posts\/7359\/revisions"}],"predecessor-version":[{"id":7360,"href":"https:\/\/emisora.univalle.edu.co\/index.php\/wp-json\/wp\/v2\/posts\/7359\/revisions\/7360"}],"wp:featuredmedia":[{"embeddable":true,"href":"https:\/\/emisora.univalle.edu.co\/index.php\/wp-json\/wp\/v2\/media\/7336"}],"wp:attachment":[{"href":"https:\/\/emisora.univalle.edu.co\/index.php\/wp-json\/wp\/v2\/media?parent=7359"}],"wp:term":[{"taxonomy":"category","embeddable":true,"href":"https:\/\/emisora.univalle.edu.co\/index.php\/wp-json\/wp\/v2\/categories?post=7359"},{"taxonomy":"post_tag","embeddable":true,"href":"https:\/\/emisora.univalle.edu.co\/index.php\/wp-json\/wp\/v2\/tags?post=7359"}],"curies":[{"name":"wp","href":"https:\/\/api.w.org\/{rel}","templated":true}]}}