{"id":7361,"date":"2015-09-21T14:52:17","date_gmt":"2015-09-21T19:52:17","guid":{"rendered":"https:\/\/emisora.univalle.edu.co\/\/?p=7361"},"modified":"2015-09-21T14:52:17","modified_gmt":"2015-09-21T19:52:17","slug":"propuesta-de-transporte-motorizado-en-cali-se-entregara-candidatos-la-alcaldia","status":"publish","type":"post","link":"https:\/\/emisora.univalle.edu.co\/index.php\/propuesta-de-transporte-motorizado-en-cali-se-entregara-candidatos-la-alcaldia\/","title":{"rendered":"Propuesta de transporte NO motorizado en Cali se entregar\u00e1 a candidatos a la Alcald\u00eda"},"content":{"rendered":"<p><span style=\"line-height: 1.5em;\"><a href=\"https:\/\/emisora.univalle.edu.co\/\/wp-content\/uploads\/2015\/09\/Cale\u00f1os-en-bicicleta1.jpg\" data-lightbox=\"gal[7361]\"><img loading=\"lazy\" decoding=\"async\" class=\" wp-image-7333 alignleft\" alt=\"Cale\u00f1os en bicicleta1\" src=\"https:\/\/emisora.univalle.edu.co\/\/wp-content\/uploads\/2015\/09\/Cale\u00f1os-en-bicicleta1.jpg\" width=\"480\" height=\"320\" srcset=\"https:\/\/emisora.univalle.edu.co\/wp-content\/uploads\/2015\/09\/Cale\u00f1os-en-bicicleta1.jpg 600w, https:\/\/emisora.univalle.edu.co\/wp-content\/uploads\/2015\/09\/Cale\u00f1os-en-bicicleta1-300x200.jpg 300w, https:\/\/emisora.univalle.edu.co\/wp-content\/uploads\/2015\/09\/Cale\u00f1os-en-bicicleta1-438x292.jpg 438w\" sizes=\"(max-width: 480px) 100vw, 480px\" \/><\/a>Una Propuesta de transporte no motorizado en Cali en el D\u00eda Mundial sin Carro y en la Semana de la Bicicleta en Cali, ciclistas y peatones cale\u00f1os plantean propuesta de transporte no motorizado como alternativa de movilidad sustentable en la ciudad. Buscan equidad en el uso del espacio vial.<\/span><\/p>\n<p>Hoy entre las 6:00 a.m. y 7:30 a.m. se hizo un reconocimiento p\u00fablico a los ciudadanos que usan la bicicleta como medio de transporte cotidiano en Cali.<\/p>\n<p>La propuesta para incentivar el transporte no motorizado y garantizar la equidad espacial en la ciudad ser\u00e1 presentada y entregada oficialmente a los candidatos a la Alcald\u00eda de Cali este martes 22 de septiembre, a las 8:00 am, en la Escuela de Salud P\u00fablica de la Facultad de Salud de la Universidad del Valle.<\/p>\n<p>Esta ser\u00e1 la primera vez que en Cali se entregue a los candidatos al primer cargo de la ciudad una propuesta de esta naturaleza. La iniciativa ha sido desarrollada por la Mesa de Transporte no Motorizado, con el fin de aportar a los planes de gobierno de los candidatos una alternativa seria y estudiada de movilidad sustentable para Cali, que garantice adem\u00e1s un uso equitativo de la malla vial para la movilizaci\u00f3n de los ciudadanos.<\/p>\n<p>La propuesta avanzar\u00e1 en iniciativas como la articulaci\u00f3n de las ciclo rutas existentes, as\u00ed como la vinculaci\u00f3n de acciones educativas, pol\u00edticas y de infraestructura en la ciudad.<\/p>\n<p>De acuerdo con la profesora de la Escuela de Salud P\u00fablica de la Universidad del Valle, Ph.D Janeth Mosquera Becerra, participante de la Mesa, \u201cno se trata esta vez de escuchar las ideas solamente de los candidatos, sino de entregarles y discutir con ellos una propuesta que recoge las necesidades y demandas de quienes se movilizan a pie o usan la bicicleta como medio de transporte cotidiano en Cali\u201d.<\/p>\n<p>La Mesa de Transporte no Motorizado de Cali es liderada por los colectivos Cicloamigos, Cultura Bici, EnBiciarte, Mujeres Bici-bles, Rodando, y Hemoraiders; la Escuela de Salud P\u00fablica de la Universidad del Valle y; la organizaci\u00f3n La Ciudad Verde, quienes vienen adelantado acciones para garantizar la equidad espacial en Cali.<\/p>\n<p>Reconocimiento p\u00fablico a ciclistas<\/p>\n<p>El lunes 21 de septiembre de 2015, entre las 6:00 am y a las 7:30 pm, en puntos diferentes\u00a0 de Cali con mayor tr\u00e1nsito de ciclistas, la Mesa de Transporte No Motorizado de Cali har\u00e1 reconocimiento p\u00fablico a los ciudadanos que usan la bicicleta como medio de transporte cotidiano.<\/p>\n<p>Se trata de un acto simb\u00f3lico para agradecer y reconocer a quienes utilizan este medio de transporte a diario y que contribuyen no solo con la movilidad sustentable, sino con un entorno amigable en la ciudad, adem\u00e1s de mejorar su salud, seg\u00fan indican los organizadores.<\/p>\n<p>Exposici\u00f3n de la Sala Situacional del Observatorio de Ciclistas y Peatones<\/p>\n<p>El Observatorio de Ciclistas y Peatones de Cali, liderado por la Escuela de Salud P\u00fablica de la Universidad del Valle, realizar\u00e1 la exposici\u00f3n de su Sala Situacional itinerante, en la Biblioteca Mario Carvajal de la Universidad del Valle, en el campus de Mel\u00e9ndez, durante la semana del 21 al 25 de septiembre.<\/p>\n<p>En la Sala Situacional se presentar\u00e1 la informaci\u00f3n sobre la situaci\u00f3n de los ciclistas y peatones en Cali, en particular sobre homicidios y accidentes de tr\u00e1nsito y hurtos.<\/p>\n<p>Semana de la Bicicleta en Cali<\/p>\n<p>La invitaci\u00f3n a los candidatos a la Alcald\u00eda de Cali y a quienes encabezan las listas de candidatos al Concejo Municipal de la ciudad, se realiza en el marco del D\u00eda Mundial sin Carro, el 22 de septiembre y de la Semana de la Bicicleta, que se celebrar\u00e1 del 20 al 27 de septiembre de 2015.<\/p>\n<p>Con este prop\u00f3sito, en ciudades como Cali y Bogot\u00e1 se realizar\u00e1n diversas actividades acad\u00e9micas, l\u00fadicas, educativas y recreativas; entre ellas el IV Foro Internacional de la Bicicleta que se realizar\u00e1 el 25 de septiembre en Bogot\u00e1.<\/p>\n<p>Fuente: Comunicaciones Escuela de Salud P\u00fablica Univalle<\/p>\n","protected":false},"excerpt":{"rendered":"<p>Una Propuesta de transporte no motorizado en Cali en el D\u00eda Mundial sin Carro y en la Semana de la Bicicleta en Cali, ciclistas y peatones cale\u00f1os plantean propuesta de transporte no motorizado como alternativa de movilidad sustentable en la ciudad. Buscan equidad en el uso del espacio vial. Hoy[&#8230;]<\/p>\n","protected":false},"author":1,"featured_media":7332,"comment_status":"open","ping_status":"open","sticky":false,"template":"","format":"standard","meta":{"footnotes":""},"categories":[4],"tags":[],"_links":{"self":[{"href":"https:\/\/emisora.univalle.edu.co\/index.php\/wp-json\/wp\/v2\/posts\/7361"}],"collection":[{"href":"https:\/\/emisora.univalle.edu.co\/index.php\/wp-json\/wp\/v2\/posts"}],"about":[{"href":"https:\/\/emisora.univalle.edu.co\/index.php\/wp-json\/wp\/v2\/types\/post"}],"author":[{"embeddable":true,"href":"https:\/\/emisora.univalle.edu.co\/index.php\/wp-json\/wp\/v2\/users\/1"}],"replies":[{"embeddable":true,"href":"https:\/\/emisora.univalle.edu.co\/index.php\/wp-json\/wp\/v2\/comments?post=7361"}],"version-history":[{"count":2,"href":"https:\/\/emisora.univalle.edu.co\/index.php\/wp-json\/wp\/v2\/posts\/7361\/revisions"}],"predecessor-version":[{"id":7363,"href":"https:\/\/emisora.univalle.edu.co\/index.php\/wp-json\/wp\/v2\/posts\/7361\/revisions\/7363"}],"wp:featuredmedia":[{"embeddable":true,"href":"https:\/\/emisora.univalle.edu.co\/index.php\/wp-json\/wp\/v2\/media\/7332"}],"wp:attachment":[{"href":"https:\/\/emisora.univalle.edu.co\/index.php\/wp-json\/wp\/v2\/media?parent=7361"}],"wp:term":[{"taxonomy":"category","embeddable":true,"href":"https:\/\/emisora.univalle.edu.co\/index.php\/wp-json\/wp\/v2\/categories?post=7361"},{"taxonomy":"post_tag","embeddable":true,"href":"https:\/\/emisora.univalle.edu.co\/index.php\/wp-json\/wp\/v2\/tags?post=7361"}],"curies":[{"name":"wp","href":"https:\/\/api.w.org\/{rel}","templated":true}]}}