{"id":7397,"date":"2015-09-22T14:46:55","date_gmt":"2015-09-22T19:46:55","guid":{"rendered":"https:\/\/emisora.univalle.edu.co\/\/?p=7397"},"modified":"2015-09-22T14:46:55","modified_gmt":"2015-09-22T19:46:55","slug":"actor-australiano-en-univalle","status":"publish","type":"post","link":"https:\/\/emisora.univalle.edu.co\/index.php\/actor-australiano-en-univalle\/","title":{"rendered":"Actor australiano en Univalle"},"content":{"rendered":"<p><span style=\"line-height: 1.5em;\">Como parte del programa \u201cResidencias Art\u00edsticas\u201d, el Departamento de Artes Esc\u00e9nicas de la Universidad del Valle presentar\u00e1 la puesta en escena de \u201cLa \u00faltima cinta de Krapp\u201d de Samuel Beckett, el jueves 24 de septiembre, a las 5:30 p.m., en la Sala de Teatro Univalle.<\/span><\/p>\n<p><a href=\"https:\/\/emisora.univalle.edu.co\/\/wp-content\/uploads\/2015\/09\/Actor-australiano.jpg\" data-lightbox=\"gal[7397]\"><img loading=\"lazy\" decoding=\"async\" class=\"size-full wp-image-7377 alignleft\" alt=\"Actor australiano\" src=\"https:\/\/emisora.univalle.edu.co\/\/wp-content\/uploads\/2015\/09\/Actor-australiano.jpg\" width=\"400\" height=\"525\" srcset=\"https:\/\/emisora.univalle.edu.co\/wp-content\/uploads\/2015\/09\/Actor-australiano.jpg 400w, https:\/\/emisora.univalle.edu.co\/wp-content\/uploads\/2015\/09\/Actor-australiano-228x300.jpg 228w\" sizes=\"(max-width: 400px) 100vw, 400px\" \/><\/a>La puesta en escena est\u00e1 a cargo del actor, escritor e investigador australiano Joe Broderick.<\/p>\n<p>\u201cLa \u00faltima cinta de Krapp\u201d es una de las obras m\u00e1s complejas y maravillosas del dramaturgo irland\u00e9s Samuel Beckett. El protagonista de la obra, Krapp, es un viejo solitario. En v\u00edsperas de su cumplea\u00f1os tiene la costumbre, desde muy joven, de grabar un recuerdo del a\u00f1o que acaba de vivir. Esta noche, antes de grabar, decide escuchar una cinta de treinta a\u00f1os atr\u00e1s, cuando estaba \u201cen la cresta de la ola\u2026 o casi\u201d. Se burla de s\u00ed mismo como joven lleno de planes y pretensiones. Pero finalmente se conmueve al pensar en las oportunidades perdidas, sobre todo en el amor que rechaz\u00f3, evidentemente para dedicarse a su \u201copus magnum\u201d, obra que en realidad nunca realiz\u00f3.<\/p>\n<p>Beckett evoca aqu\u00ed muchos detalles de sus propios recuerdos y con ellos ha armado una obra llena de nostalgia y de un amargo humor que, en el breve lapso de menos de una hora, nos permite conocer \u00edntimamente la vida entera de su personaje.<\/p>\n<p>Para el presente montaje, Joe Broderick ha hecho la traducci\u00f3n de la obra del ingl\u00e9s al castellano. La direcci\u00f3n es de Camilo Carvajal, egresado de la Licenciatura en Arte Dram\u00e1tico.<\/p>\n<p>El Departamento de Artes Esc\u00e9nicas con su programa de \u201cResidencias Art\u00edsticas\u201d, pretende acoger a prestigiosas agrupaciones nacionales e internacionales con el fin de promover la circulaci\u00f3n de creadores esc\u00e9nicos dentro de nuestro Campus.<\/p>\n<p>La \u00faltima cinta de Krapp de Samuel Beckett<\/p>\n<p>Actuaci\u00f3n: Joe Broderick<\/p>\n<p>Direcci\u00f3n: Camilo Carvajal<\/p>\n<p>Jueves 24 de septiembre a las 5:30 pm.<\/p>\n<p>Lugar: Sala de teatro Univalle (Aud 4), sede Mel\u00e9ndez<\/p>\n<p>Informes: <a href=\"http:\/\/escenicas.univalle.edu.co\/\">http:\/\/escenicas.univalle.edu.co<\/a><\/p>\n<p>Fuente: Agencia de Noticias Univalle<\/p>\n","protected":false},"excerpt":{"rendered":"<p>Como parte del programa \u201cResidencias Art\u00edsticas\u201d, el Departamento de Artes Esc\u00e9nicas de la Universidad del Valle presentar\u00e1 la puesta en escena de \u201cLa \u00faltima cinta de Krapp\u201d de Samuel Beckett, el jueves 24 de septiembre, a las 5:30 p.m., en la Sala de Teatro Univalle. La puesta en escena est\u00e1[&#8230;]<\/p>\n","protected":false},"author":1,"featured_media":7378,"comment_status":"open","ping_status":"open","sticky":false,"template":"","format":"standard","meta":{"footnotes":""},"categories":[4],"tags":[],"_links":{"self":[{"href":"https:\/\/emisora.univalle.edu.co\/index.php\/wp-json\/wp\/v2\/posts\/7397"}],"collection":[{"href":"https:\/\/emisora.univalle.edu.co\/index.php\/wp-json\/wp\/v2\/posts"}],"about":[{"href":"https:\/\/emisora.univalle.edu.co\/index.php\/wp-json\/wp\/v2\/types\/post"}],"author":[{"embeddable":true,"href":"https:\/\/emisora.univalle.edu.co\/index.php\/wp-json\/wp\/v2\/users\/1"}],"replies":[{"embeddable":true,"href":"https:\/\/emisora.univalle.edu.co\/index.php\/wp-json\/wp\/v2\/comments?post=7397"}],"version-history":[{"count":1,"href":"https:\/\/emisora.univalle.edu.co\/index.php\/wp-json\/wp\/v2\/posts\/7397\/revisions"}],"predecessor-version":[{"id":7398,"href":"https:\/\/emisora.univalle.edu.co\/index.php\/wp-json\/wp\/v2\/posts\/7397\/revisions\/7398"}],"wp:featuredmedia":[{"embeddable":true,"href":"https:\/\/emisora.univalle.edu.co\/index.php\/wp-json\/wp\/v2\/media\/7378"}],"wp:attachment":[{"href":"https:\/\/emisora.univalle.edu.co\/index.php\/wp-json\/wp\/v2\/media?parent=7397"}],"wp:term":[{"taxonomy":"category","embeddable":true,"href":"https:\/\/emisora.univalle.edu.co\/index.php\/wp-json\/wp\/v2\/categories?post=7397"},{"taxonomy":"post_tag","embeddable":true,"href":"https:\/\/emisora.univalle.edu.co\/index.php\/wp-json\/wp\/v2\/tags?post=7397"}],"curies":[{"name":"wp","href":"https:\/\/api.w.org\/{rel}","templated":true}]}}