{"id":7399,"date":"2015-09-22T14:49:10","date_gmt":"2015-09-22T19:49:10","guid":{"rendered":"https:\/\/emisora.univalle.edu.co\/\/?p=7399"},"modified":"2015-09-22T14:49:10","modified_gmt":"2015-09-22T19:49:10","slug":"cam-se-vistio-de-paz-con-un-lienzo-elaborado-por-mas-de-500-ninos","status":"publish","type":"post","link":"https:\/\/emisora.univalle.edu.co\/index.php\/cam-se-vistio-de-paz-con-un-lienzo-elaborado-por-mas-de-500-ninos\/","title":{"rendered":"CAM se visti\u00f3 de paz con un lienzo elaborado por m\u00e1s de 500 ni\u00f1os"},"content":{"rendered":"<p><span style=\"line-height: 1.5em;\">El edificio del Centro Administrativo Municipal \u2013CAM- se visti\u00f3 de paz en la ma\u00f1ana de este lunes, con el lienzo m\u00e1s grande que se ha realizado en el pa\u00eds y que fue pintado por m\u00e1s de 500 ni\u00f1os y ni\u00f1as de diferentes comunas de la ciudad.<\/span><\/p>\n<p>Se trata de 480 metros cuadrados de colores y magia que dejaron plasmados los peque\u00f1os en este lienzo que se despleg\u00f3 desde el \u00faltimo piso del CAM, en donde ser\u00e1 exhibido por varios d\u00edas, llevando un mensaje para todos los transe\u00fantes: \u2018La paz es la mayor obra de arte\u2019.<\/p>\n<p>El lienzo cubre parte del edificio de la Alcald\u00eda, como parte de la celebraci\u00f3n del D\u00eda Internacional de la Paz, una fecha que institucionalizaron las Naciones Unidas a escala mundial. El mismo se elabor\u00f3 desde la iniciativa de la Personer\u00eda Municipal de Cali denominada \u2018Cali pinta por la paz\u2019.<\/p>\n<p><a href=\"https:\/\/emisora.univalle.edu.co\/\/wp-content\/uploads\/2015\/09\/Arte-y-paz1.jpg\" data-lightbox=\"gal[7399]\"><img loading=\"lazy\" decoding=\"async\" class=\"wp-image-7382 alignleft\" alt=\"Arte y paz1\" src=\"https:\/\/emisora.univalle.edu.co\/\/wp-content\/uploads\/2015\/09\/Arte-y-paz1.jpg\" width=\"469\" height=\"226\" srcset=\"https:\/\/emisora.univalle.edu.co\/wp-content\/uploads\/2015\/09\/Arte-y-paz1.jpg 670w, https:\/\/emisora.univalle.edu.co\/wp-content\/uploads\/2015\/09\/Arte-y-paz1-300x144.jpg 300w, https:\/\/emisora.univalle.edu.co\/wp-content\/uploads\/2015\/09\/Arte-y-paz1-438x211.jpg 438w\" sizes=\"(max-width: 469px) 100vw, 469px\" \/><\/a>\u201cLas fechas especiales buscan reflexiones. Esperamos que la ciudad se d\u00e9 cuenta que la violencia no es adecuada, que tenemos que centrar la mirada hacia una ciudad sin procesos violentos y le mostremos a Colombia que Cali es cuna de arte y cultura\u201d, explic\u00f3 Andr\u00e9s Santamar\u00eda, personero de Cali, quien agreg\u00f3 que \u2018Cali pinta por la paz\u2019 lleva un mensaje innovador y participativo.<\/p>\n<p>Esta obra fue dirigida por el artista cale\u00f1o, Diego Pombo, quien es reconocido por sus obras de gran formato en la ciudad como Jovita Reina Infinita. Al respecto, el maestro explic\u00f3 que \u201ces un ejemplo de que a trav\u00e9s del arte y de las iniciativas colectivas se puede lograr una armon\u00eda, un tiempo de tranquilidad y de paz\u201d.<\/p>\n<p>Durante la actividad de instalaci\u00f3n, apoyada por las Naciones Unidas y la campa\u00f1a \u2018Respira paz\u2019 y la embajada de Suecia en Colombia, se llevaron a cabo actividades culturales, como la presentaci\u00f3n de la banda de Jazz \u2018San Basilio\u2019 del distrito de Aguablanca.<\/p>\n<p>Fuente: Comunicaciones Alcald\u00eda<\/p>\n","protected":false},"excerpt":{"rendered":"<p>El edificio del Centro Administrativo Municipal \u2013CAM- se visti\u00f3 de paz en la ma\u00f1ana de este lunes, con el lienzo m\u00e1s grande que se ha realizado en el pa\u00eds y que fue pintado por m\u00e1s de 500 ni\u00f1os y ni\u00f1as de diferentes comunas de la ciudad. Se trata de 480[&#8230;]<\/p>\n","protected":false},"author":1,"featured_media":7381,"comment_status":"open","ping_status":"open","sticky":false,"template":"","format":"standard","meta":{"footnotes":""},"categories":[4],"tags":[],"_links":{"self":[{"href":"https:\/\/emisora.univalle.edu.co\/index.php\/wp-json\/wp\/v2\/posts\/7399"}],"collection":[{"href":"https:\/\/emisora.univalle.edu.co\/index.php\/wp-json\/wp\/v2\/posts"}],"about":[{"href":"https:\/\/emisora.univalle.edu.co\/index.php\/wp-json\/wp\/v2\/types\/post"}],"author":[{"embeddable":true,"href":"https:\/\/emisora.univalle.edu.co\/index.php\/wp-json\/wp\/v2\/users\/1"}],"replies":[{"embeddable":true,"href":"https:\/\/emisora.univalle.edu.co\/index.php\/wp-json\/wp\/v2\/comments?post=7399"}],"version-history":[{"count":1,"href":"https:\/\/emisora.univalle.edu.co\/index.php\/wp-json\/wp\/v2\/posts\/7399\/revisions"}],"predecessor-version":[{"id":7400,"href":"https:\/\/emisora.univalle.edu.co\/index.php\/wp-json\/wp\/v2\/posts\/7399\/revisions\/7400"}],"wp:featuredmedia":[{"embeddable":true,"href":"https:\/\/emisora.univalle.edu.co\/index.php\/wp-json\/wp\/v2\/media\/7381"}],"wp:attachment":[{"href":"https:\/\/emisora.univalle.edu.co\/index.php\/wp-json\/wp\/v2\/media?parent=7399"}],"wp:term":[{"taxonomy":"category","embeddable":true,"href":"https:\/\/emisora.univalle.edu.co\/index.php\/wp-json\/wp\/v2\/categories?post=7399"},{"taxonomy":"post_tag","embeddable":true,"href":"https:\/\/emisora.univalle.edu.co\/index.php\/wp-json\/wp\/v2\/tags?post=7399"}],"curies":[{"name":"wp","href":"https:\/\/api.w.org\/{rel}","templated":true}]}}