{"id":7401,"date":"2015-09-22T14:50:02","date_gmt":"2015-09-22T19:50:02","guid":{"rendered":"https:\/\/emisora.univalle.edu.co\/\/?p=7401"},"modified":"2015-09-22T14:50:02","modified_gmt":"2015-09-22T19:50:02","slug":"comite-departamental-de-derechos-humanos-recibe-capacitacion-sobre-construccion-de-pre-agendas-de-paz-y-derechos-humanos","status":"publish","type":"post","link":"https:\/\/emisora.univalle.edu.co\/index.php\/comite-departamental-de-derechos-humanos-recibe-capacitacion-sobre-construccion-de-pre-agendas-de-paz-y-derechos-humanos\/","title":{"rendered":"Comit\u00e9 Departamental de Derechos Humanos recibe capacitaci\u00f3n sobre \u201cConstrucci\u00f3n de Pre-Agendas de Paz y Derechos Humanos\u201d"},"content":{"rendered":"<p><span style=\"line-height: 1.5em;\">Este martes 22 de Septiembre\u00a0\u00a0 de 8:00 A.M,\u00a0 a\u00a0 5:00 P.M, en el Hotel Santiago de Cali ubicado en la Carrera 6 No.11-48, el secretario de Gobierno Departamental, Orlando Riascos Ocampo, acogiendo la propuesta emanada de la pasada reuni\u00f3n del Comit\u00e9 Departamental de Derechos Humanos (DDHH) y el Derecho Internacional Humanitario (DIH), del Departamento del Valle, realizada el pasado 09 de septiembre del a\u00f1o en curso, realizar\u00e1 un taller para capacitar\u00a0 a los integrantes de dicho Comit\u00e9 sobre el entorno jur\u00eddico, filos\u00f3fico y aplicabilidad de los DDHH y el DIH.<\/span><\/p>\n<p>Conjuntamente con funcionarios del Ministerio del Interior, La Gobernaci\u00f3n del Valle y la Federaci\u00f3n Colombiana de Municipios \u2013FCM-,\u00a0 se dise\u00f1\u00f3 una Agenda Taller\u00a0 \u201cConstrucci\u00f3n de Pre-Agendas de Paz y Derechos Humanos \u2013DDHH- Valle del Cauca-\u201d, dicha agenda contiene temas como: Enfoque basado en DDHH; enfoque construcci\u00f3n de paz- Relaci\u00f3n paz, derechos humanos y planeaci\u00f3n del territorio- Identificaci\u00f3n temas agenda p\u00fablica derechos humanos, paz y planeaci\u00f3n del territorio; examen temas y priorizaci\u00f3n para el Departamento- An\u00e1lisis multidimensional \/ agenda priorizada- Construcci\u00f3n de alternativas y Recomendaciones generales para la gesti\u00f3n de la pre-agenda\/ Cierre.<\/p>\n<p>Es de anotar que dicho Comit\u00e9 Departamental de Derechos Humanos y el Derecho Internacional Humanitario, del Departamento del Valle del Cauca, se encuentra integrado por delegados, representantes, directivos de las autoridades p\u00fablicas, territoriales, regionales y municipales, los invitados con car\u00e1cter permanente y organizaciones de la Sociedad Civil, y Defensora de Derechos Humanos.<\/p>\n<p>\u201cEstamos dando cumplimiento al compromiso regional para orientar los retos territoriales, de incrementar las capacitaciones y dejar el m\u00e1ximo conocimiento y cimentaci\u00f3n de los Derechos Humanos (DDHH) y un punto muy importante poner en conocimiento lo que hasta ahora se ha logrado dentro del proceso de paz, los mecanismos exploratorios del mismo, el manejo del Pos-conflicto y lo que les corresponde a los territorios Departamentales, las ciudades, municipios y poder articular los DDHH con el tema de la Paz\u201d, puntualizaba el alto funcionario de la Cartera de Gobierno Departamental, Orlando Riascos Ocampo.<\/p>\n<p>Fuente: Comunicaciones Gobernaci\u00f3n<\/p>\n","protected":false},"excerpt":{"rendered":"<p>Este martes 22 de Septiembre\u00a0\u00a0 de 8:00 A.M,\u00a0 a\u00a0 5:00 P.M, en el Hotel Santiago de Cali ubicado en la Carrera 6 No.11-48, el secretario de Gobierno Departamental, Orlando Riascos Ocampo, acogiendo la propuesta emanada de la pasada reuni\u00f3n del Comit\u00e9 Departamental de Derechos Humanos (DDHH) y el Derecho Internacional[&#8230;]<\/p>\n","protected":false},"author":1,"featured_media":7386,"comment_status":"open","ping_status":"open","sticky":false,"template":"","format":"standard","meta":{"footnotes":""},"categories":[4],"tags":[],"_links":{"self":[{"href":"https:\/\/emisora.univalle.edu.co\/index.php\/wp-json\/wp\/v2\/posts\/7401"}],"collection":[{"href":"https:\/\/emisora.univalle.edu.co\/index.php\/wp-json\/wp\/v2\/posts"}],"about":[{"href":"https:\/\/emisora.univalle.edu.co\/index.php\/wp-json\/wp\/v2\/types\/post"}],"author":[{"embeddable":true,"href":"https:\/\/emisora.univalle.edu.co\/index.php\/wp-json\/wp\/v2\/users\/1"}],"replies":[{"embeddable":true,"href":"https:\/\/emisora.univalle.edu.co\/index.php\/wp-json\/wp\/v2\/comments?post=7401"}],"version-history":[{"count":1,"href":"https:\/\/emisora.univalle.edu.co\/index.php\/wp-json\/wp\/v2\/posts\/7401\/revisions"}],"predecessor-version":[{"id":7402,"href":"https:\/\/emisora.univalle.edu.co\/index.php\/wp-json\/wp\/v2\/posts\/7401\/revisions\/7402"}],"wp:featuredmedia":[{"embeddable":true,"href":"https:\/\/emisora.univalle.edu.co\/index.php\/wp-json\/wp\/v2\/media\/7386"}],"wp:attachment":[{"href":"https:\/\/emisora.univalle.edu.co\/index.php\/wp-json\/wp\/v2\/media?parent=7401"}],"wp:term":[{"taxonomy":"category","embeddable":true,"href":"https:\/\/emisora.univalle.edu.co\/index.php\/wp-json\/wp\/v2\/categories?post=7401"},{"taxonomy":"post_tag","embeddable":true,"href":"https:\/\/emisora.univalle.edu.co\/index.php\/wp-json\/wp\/v2\/tags?post=7401"}],"curies":[{"name":"wp","href":"https:\/\/api.w.org\/{rel}","templated":true}]}}