{"id":7403,"date":"2015-09-22T14:51:18","date_gmt":"2015-09-22T19:51:18","guid":{"rendered":"https:\/\/emisora.univalle.edu.co\/\/?p=7403"},"modified":"2015-09-22T14:51:18","modified_gmt":"2015-09-22T19:51:18","slug":"conferencia-es-el-arte-conceptual-una-mera-idea","status":"publish","type":"post","link":"https:\/\/emisora.univalle.edu.co\/index.php\/conferencia-es-el-arte-conceptual-una-mera-idea\/","title":{"rendered":"Conferencia \u00bfEs el arte conceptual una mera idea?"},"content":{"rendered":"<p><span style=\"line-height: 1.5em;\">El Departamento de Artes Visuales de la Universidad del Valle invita a la conferencia\u00a0 \u201c\u00bfEs el arte conceptual una mera idea?\u201d, que se realizar\u00e1 este jueves 24 de septiembre a las 7:00 p.m. en la sala subterr\u00e1nea del Museo La Tertulia.<\/span><\/p>\n<p>Esta conferencia, dirigida a todo p\u00fablico interesado en el arte contempor\u00e1neo, plantear\u00e1 algunas de las nociones centrales que se han defendido sobre el arte conceptual y mostrar\u00e1 algunas de sus contradicciones m\u00e1s relevantes con la finalidad de alcanzar una visi\u00f3n cr\u00edtica en torno a este tipo de propuestas art\u00edsticas.<\/p>\n<p>En ella se reflexionar\u00e1 sobre el trabajo de artistas como Marcel Duchamp, Joseph Kosuth y On Kawara, poniendo al descubierto los prejuicios m\u00e1s notables en\u00a0 la recepci\u00f3n e interpretaci\u00f3n de sus obras a partir del planteamiento te\u00f3rico de Thierry de Duve, Dalia Judovitz, Rosalind Krauss, William Camfield y Louis Norton.<\/p>\n<p>El conferencista es Edgar Vite Tiscare\u00f1o, doctor en Filosof\u00eda y profesor nombrado del Departamento de Artes Visuales y Est\u00e9tica de la Universidad del Valle, quien desde hace varios a\u00f1os se dedica a la investigaci\u00f3n y publicaci\u00f3n con respecto a\u00a0 la recepci\u00f3n e interpretaci\u00f3n del arte contempor\u00e1neo y se ha acercado a distintas corrientes art\u00edsticas desde sus proyectos de investigaci\u00f3n entendiendo el arte como producto cultural que muestra lo que somos desde un punto de vista antropol\u00f3gico.<\/p>\n<p>Fuente: Agencia de Noticias Univalle<\/p>\n","protected":false},"excerpt":{"rendered":"<p>El Departamento de Artes Visuales de la Universidad del Valle invita a la conferencia\u00a0 \u201c\u00bfEs el arte conceptual una mera idea?\u201d, que se realizar\u00e1 este jueves 24 de septiembre a las 7:00 p.m. en la sala subterr\u00e1nea del Museo La Tertulia. Esta conferencia, dirigida a todo p\u00fablico interesado en el[&#8230;]<\/p>\n","protected":false},"author":1,"featured_media":7384,"comment_status":"open","ping_status":"open","sticky":false,"template":"","format":"standard","meta":{"footnotes":""},"categories":[4],"tags":[],"_links":{"self":[{"href":"https:\/\/emisora.univalle.edu.co\/index.php\/wp-json\/wp\/v2\/posts\/7403"}],"collection":[{"href":"https:\/\/emisora.univalle.edu.co\/index.php\/wp-json\/wp\/v2\/posts"}],"about":[{"href":"https:\/\/emisora.univalle.edu.co\/index.php\/wp-json\/wp\/v2\/types\/post"}],"author":[{"embeddable":true,"href":"https:\/\/emisora.univalle.edu.co\/index.php\/wp-json\/wp\/v2\/users\/1"}],"replies":[{"embeddable":true,"href":"https:\/\/emisora.univalle.edu.co\/index.php\/wp-json\/wp\/v2\/comments?post=7403"}],"version-history":[{"count":1,"href":"https:\/\/emisora.univalle.edu.co\/index.php\/wp-json\/wp\/v2\/posts\/7403\/revisions"}],"predecessor-version":[{"id":7404,"href":"https:\/\/emisora.univalle.edu.co\/index.php\/wp-json\/wp\/v2\/posts\/7403\/revisions\/7404"}],"wp:featuredmedia":[{"embeddable":true,"href":"https:\/\/emisora.univalle.edu.co\/index.php\/wp-json\/wp\/v2\/media\/7384"}],"wp:attachment":[{"href":"https:\/\/emisora.univalle.edu.co\/index.php\/wp-json\/wp\/v2\/media?parent=7403"}],"wp:term":[{"taxonomy":"category","embeddable":true,"href":"https:\/\/emisora.univalle.edu.co\/index.php\/wp-json\/wp\/v2\/categories?post=7403"},{"taxonomy":"post_tag","embeddable":true,"href":"https:\/\/emisora.univalle.edu.co\/index.php\/wp-json\/wp\/v2\/tags?post=7403"}],"curies":[{"name":"wp","href":"https:\/\/api.w.org\/{rel}","templated":true}]}}