{"id":7409,"date":"2015-09-22T14:55:25","date_gmt":"2015-09-22T19:55:25","guid":{"rendered":"https:\/\/emisora.univalle.edu.co\/\/?p=7409"},"modified":"2015-09-22T14:55:58","modified_gmt":"2015-09-22T19:55:58","slug":"univalle-homenajea-noe-jitrik","status":"publish","type":"post","link":"https:\/\/emisora.univalle.edu.co\/index.php\/univalle-homenajea-noe-jitrik\/","title":{"rendered":"Univalle homenajea a No\u00e9 Jitrik"},"content":{"rendered":"<p><span style=\"line-height: 1.5em;\">Con \u201cPoes\u00eda y Creaci\u00f3n\u201d la Escuela de Estudios Literarios de la Universidad del Valle homenajear\u00e1 al poeta, novelista y ensayista No\u00e9 Jitrik.<\/span><\/p>\n<p>El homenaje se realizar\u00e1 este jueves 24 de septiembre de 2015, a las 5:30 p.m., en el Auditorio Antonio J. Posada, edificio 387, Mel\u00e9ndez.<\/p>\n<p><a href=\"https:\/\/emisora.univalle.edu.co\/\/wp-content\/uploads\/2015\/09\/Homenaje.jpg\" data-lightbox=\"gal[7409]\"><img loading=\"lazy\" decoding=\"async\" class=\"alignright size-full wp-image-7388\" alt=\"Homenaje\" src=\"https:\/\/emisora.univalle.edu.co\/\/wp-content\/uploads\/2015\/09\/Homenaje.jpg\" width=\"400\" height=\"501\" srcset=\"https:\/\/emisora.univalle.edu.co\/wp-content\/uploads\/2015\/09\/Homenaje.jpg 400w, https:\/\/emisora.univalle.edu.co\/wp-content\/uploads\/2015\/09\/Homenaje-239x300.jpg 239w\" sizes=\"(max-width: 400px) 100vw, 400px\" \/><\/a>No\u00e9 Jitrik, reconocido novelista, poeta, ensayista y cr\u00edtico literario, nacido en C\u00f3rdoba, Argentina, en 1928. Su literatura se encuentra marcada por un tinte humanista y una gran cr\u00edtica pol\u00edtica que lo oblig\u00f3 al exilio durante m\u00e1s de trece a\u00f1os. En la actualidad radica en su\u00a0 pa\u00eds natal, donde elaboro una de las investigaciones m\u00e1s importantes de Am\u00e9rica Latina en temas literarios, la cual desemboc\u00f3 en los ocho tomos de la obra titulada \u201cHistoria de la literatura argentina\u201d.<\/p>\n<p>En esta oportunidad, la Escuela de Estudios Literarios de la Universidad del Valle le rinde homenaje\u00a0 a una vida dedicada al oficio de las letras, ejemplo para las nuevas generaciones.\u00a0 Es un muy honroso privilegio contar con la presencia de No\u00e9 Jitrik y escuchar la lectura de su poes\u00eda y las reflexiones sobre la creaci\u00f3n po\u00e9tica en un di\u00e1logo con profesores y estudiantes.<\/p>\n<p>Informes: Centro Virtual Isaacs &#8211; Facultad de Humanidades<\/p>\n<p>cvisaacs@correounivalle.edu.co<\/p>\n<p><a href=\"http:\/\/cvisaacs.univalle.edu.co\/\">http:\/\/cvisaacs.univalle.edu.co\/<\/a><\/p>\n<p>Fuente: Agencia de Noticias Univalle<\/p>\n","protected":false},"excerpt":{"rendered":"<p>Con \u201cPoes\u00eda y Creaci\u00f3n\u201d la Escuela de Estudios Literarios de la Universidad del Valle homenajear\u00e1 al poeta, novelista y ensayista No\u00e9 Jitrik. El homenaje se realizar\u00e1 este jueves 24 de septiembre de 2015, a las 5:30 p.m., en el Auditorio Antonio J. Posada, edificio 387, Mel\u00e9ndez. No\u00e9 Jitrik, reconocido novelista,[&#8230;]<\/p>\n","protected":false},"author":1,"featured_media":7389,"comment_status":"open","ping_status":"open","sticky":false,"template":"","format":"standard","meta":{"footnotes":""},"categories":[4],"tags":[],"_links":{"self":[{"href":"https:\/\/emisora.univalle.edu.co\/index.php\/wp-json\/wp\/v2\/posts\/7409"}],"collection":[{"href":"https:\/\/emisora.univalle.edu.co\/index.php\/wp-json\/wp\/v2\/posts"}],"about":[{"href":"https:\/\/emisora.univalle.edu.co\/index.php\/wp-json\/wp\/v2\/types\/post"}],"author":[{"embeddable":true,"href":"https:\/\/emisora.univalle.edu.co\/index.php\/wp-json\/wp\/v2\/users\/1"}],"replies":[{"embeddable":true,"href":"https:\/\/emisora.univalle.edu.co\/index.php\/wp-json\/wp\/v2\/comments?post=7409"}],"version-history":[{"count":2,"href":"https:\/\/emisora.univalle.edu.co\/index.php\/wp-json\/wp\/v2\/posts\/7409\/revisions"}],"predecessor-version":[{"id":7411,"href":"https:\/\/emisora.univalle.edu.co\/index.php\/wp-json\/wp\/v2\/posts\/7409\/revisions\/7411"}],"wp:featuredmedia":[{"embeddable":true,"href":"https:\/\/emisora.univalle.edu.co\/index.php\/wp-json\/wp\/v2\/media\/7389"}],"wp:attachment":[{"href":"https:\/\/emisora.univalle.edu.co\/index.php\/wp-json\/wp\/v2\/media?parent=7409"}],"wp:term":[{"taxonomy":"category","embeddable":true,"href":"https:\/\/emisora.univalle.edu.co\/index.php\/wp-json\/wp\/v2\/categories?post=7409"},{"taxonomy":"post_tag","embeddable":true,"href":"https:\/\/emisora.univalle.edu.co\/index.php\/wp-json\/wp\/v2\/tags?post=7409"}],"curies":[{"name":"wp","href":"https:\/\/api.w.org\/{rel}","templated":true}]}}