{"id":7414,"date":"2015-09-22T14:57:45","date_gmt":"2015-09-22T19:57:45","guid":{"rendered":"https:\/\/emisora.univalle.edu.co\/\/?p=7414"},"modified":"2015-09-22T14:57:45","modified_gmt":"2015-09-22T19:57:45","slug":"secretaria-de-asuntos-etnicos-e-incolballet-realizaran-en-noviembre-muestra-artistica-en-buenaventura","status":"publish","type":"post","link":"https:\/\/emisora.univalle.edu.co\/index.php\/secretaria-de-asuntos-etnicos-e-incolballet-realizaran-en-noviembre-muestra-artistica-en-buenaventura\/","title":{"rendered":"Secretar\u00eda de Asuntos \u00c9tnicos e Incolballet realizar\u00e1n en noviembre Muestra Art\u00edstica en Buenaventura"},"content":{"rendered":"<p><span style=\"line-height: 1.5em;\">Dentro de su programaci\u00f3n cultural para los \u00faltimos meses del a\u00f1o, la Secretar\u00eda de Asuntos \u00c9tnicos de la Gobernaci\u00f3n en conjunto con Incolballet programaron para noviembre, una muestra art\u00edstica con coreograf\u00edas, Marimbas, la voz de Gualajo, mezclas de m\u00fasica cl\u00e1sica y de Antonio Vivaldi. El evento se realizar\u00e1 en el corregimiento de Ladrilleros.<\/span><\/p>\n<p>La Secretaria de Asuntos \u00e9tnicos del Departamento apoya estas labores culturales en las que pueden participar y disfrutar los ciudadanos, el objetivo no solamente es reproducir una identidad folcl\u00f3rica, sino que sea un festival incluyente e integrador a trav\u00e9s de la profesionalidad art\u00edstica.<\/p>\n<p>Alexander Rojas Renter\u00eda, Secretario de Asuntos \u00c9tnicos, expone \u201cNuestra labor es trabajar por mantener la cultura, generando un proceso de mestizaje con la Danza, el tema art\u00edstico y cultural. Se efectuar\u00e1 un programa llamado Ra\u00edces Pac\u00edficas, donde habr\u00e1n interesantes puestas en escena con los Bailarines de Incolballet\u201d.<\/p>\n<p>La cultura son las ra\u00edces del pueblo, por las que el individuo debe luchar, trabajar por la proyecci\u00f3n, la sostenibilidad y el crecimiento de la misma; es as\u00ed c\u00f3mo se le da relevancia a eventos como Ra\u00edces Pac\u00edficas, con el que se busca un acercamiento al coraz\u00f3n de los valle caucanos.<\/p>\n<p>Fuente: Comunicaciones Gobernaci\u00f3n<\/p>\n","protected":false},"excerpt":{"rendered":"<p>Dentro de su programaci\u00f3n cultural para los \u00faltimos meses del a\u00f1o, la Secretar\u00eda de Asuntos \u00c9tnicos de la Gobernaci\u00f3n en conjunto con Incolballet programaron para noviembre, una muestra art\u00edstica con coreograf\u00edas, Marimbas, la voz de Gualajo, mezclas de m\u00fasica cl\u00e1sica y de Antonio Vivaldi. El evento se realizar\u00e1 en el[&#8230;]<\/p>\n","protected":false},"author":1,"featured_media":7383,"comment_status":"open","ping_status":"open","sticky":false,"template":"","format":"standard","meta":{"footnotes":""},"categories":[4],"tags":[],"_links":{"self":[{"href":"https:\/\/emisora.univalle.edu.co\/index.php\/wp-json\/wp\/v2\/posts\/7414"}],"collection":[{"href":"https:\/\/emisora.univalle.edu.co\/index.php\/wp-json\/wp\/v2\/posts"}],"about":[{"href":"https:\/\/emisora.univalle.edu.co\/index.php\/wp-json\/wp\/v2\/types\/post"}],"author":[{"embeddable":true,"href":"https:\/\/emisora.univalle.edu.co\/index.php\/wp-json\/wp\/v2\/users\/1"}],"replies":[{"embeddable":true,"href":"https:\/\/emisora.univalle.edu.co\/index.php\/wp-json\/wp\/v2\/comments?post=7414"}],"version-history":[{"count":1,"href":"https:\/\/emisora.univalle.edu.co\/index.php\/wp-json\/wp\/v2\/posts\/7414\/revisions"}],"predecessor-version":[{"id":7415,"href":"https:\/\/emisora.univalle.edu.co\/index.php\/wp-json\/wp\/v2\/posts\/7414\/revisions\/7415"}],"wp:featuredmedia":[{"embeddable":true,"href":"https:\/\/emisora.univalle.edu.co\/index.php\/wp-json\/wp\/v2\/media\/7383"}],"wp:attachment":[{"href":"https:\/\/emisora.univalle.edu.co\/index.php\/wp-json\/wp\/v2\/media?parent=7414"}],"wp:term":[{"taxonomy":"category","embeddable":true,"href":"https:\/\/emisora.univalle.edu.co\/index.php\/wp-json\/wp\/v2\/categories?post=7414"},{"taxonomy":"post_tag","embeddable":true,"href":"https:\/\/emisora.univalle.edu.co\/index.php\/wp-json\/wp\/v2\/tags?post=7414"}],"curies":[{"name":"wp","href":"https:\/\/api.w.org\/{rel}","templated":true}]}}