{"id":7420,"date":"2015-09-22T15:01:39","date_gmt":"2015-09-22T20:01:39","guid":{"rendered":"https:\/\/emisora.univalle.edu.co\/\/?p=7420"},"modified":"2015-09-22T15:01:39","modified_gmt":"2015-09-22T20:01:39","slug":"viera-vive-enamorado-de-cali-quiere-retribuirle-para-alcanzar-una-mejor-ciudad","status":"publish","type":"post","link":"https:\/\/emisora.univalle.edu.co\/index.php\/viera-vive-enamorado-de-cali-quiere-retribuirle-para-alcanzar-una-mejor-ciudad\/","title":{"rendered":"Viera vive enamorado de Cali; quiere retribuirle para alcanzar una mejor ciudad"},"content":{"rendered":"<p><span style=\"line-height: 1.5em;\">El testimonio de vida del jugador de f\u00fatbol Alexis Viera, herido hace cerca de un mes en medio de un fleteo, no solo arranca l\u00e1grimas y solidaridad sino que se convierte en un ejemplo de vida, donde solo tienen cabida Dios, el agradecimiento, los buenos deseos y un amor infinito por Cali.<\/span><\/p>\n<p>Desde que entrega testimonios a los medios de comunicaci\u00f3n solo se escuchan voces de aliento, de superaci\u00f3n, de perd\u00f3n y de ganas de salir adelante.<\/p>\n<p>Durante la visita que el alcalde de Cali, Rodrigo Guerrero Velasco, le hizo en compa\u00f1\u00eda del comandante de la polic\u00eda Metropolitana, Hoover Penilla; el director de la Fundaci\u00f3n Revel, Carlos Salazar, que opera la Escuela de F\u00fatbol del Real Madrid en Cali, y los menores futbolistas de esta fundaci\u00f3n, entreg\u00f3 pruebas de su amor por la vida.<\/p>\n<p>\u201cCon la ayuda de Dios voy a caminar; me llegan muchas bendiciones que me hace sentir afortunado. Quiero a Cali, Cali es hermosa, Colombia es un pa\u00eds maravilloso y sobre todo Cali es una tierra caliente que donde realmente se me calent\u00f3 el coraz\u00f3n y me enamor\u00e9\u201d, recalc\u00f3 emocionado el exjugador del Am\u00e9rica.<\/p>\n<p>El deportista precis\u00f3 que la sociedad est\u00e1 contaminada en el mundo entero.<\/p>\n<p>\u201cSomos m\u00e1s los buenos y tenemos que empezar a transmitir mensajes para cambiar la sociedad, porque esa persona -la que me hizo da\u00f1o- es enferma, que no tuvo afecto, ni educaci\u00f3n, ni amor de mam\u00e1 y pap\u00e1, no tuvo quien lo aconsejara y por eso agarr\u00f3 para lo malo. Por eso, este compromiso de ayudar a la gente me encanta, para que la sociedad no est\u00e9 tan contaminada, s\u00e9 que vamos a lograr mejorar\u201d, enfatiz\u00f3 Alexis Viera.<\/p>\n<p>Esta actitud no sorprendi\u00f3 al Alcalde Guerrero Velasco quien resalt\u00f3 el\u00a0 enamoramiento y compromiso que tiene el ex jugador del Am\u00e9rica con Cali, demostrando la calidad de persona que es.<\/p>\n<p>\u201c\u00c9l reconoce que Cali es una ciudad para vivir. \u00c9l dice que los buenos somos la mayor\u00eda, que tenemos que organizarnos y los malos hay que ayudarles a que no sean malos y tengan m\u00e1s oportunidades de educaci\u00f3n y de afecto. Realmente es conmovedor el testimonio de Alexis Viera\u201d, subray\u00f3 el burgomaestre cale\u00f1o.<\/p>\n<p>Para el comandante de la Polic\u00eda Metropolitana de Cali, Brigadier General Hoover Penilla, no es extra\u00f1o escuchar hablar as\u00ed al jugador de f\u00fatbol.<\/p>\n<p>\u201cComo habitantes de la ciudad no hubi\u00e9semos querido que esto hubiera ocurrido en Cali, lamentablemente nos ocurri\u00f3. \u00c9l ya est\u00e1 enviando un mensaje con el que denota su amor por la ciudad, al decir que \u00e9l nunca quiere separarse de la ciudad, tienes fincadas sus esperanzas personales y familiares en Cali y si lo hace es porque definitivamente es la ciudad que le ha dado muestras de que es una ciudad para vivir\u201d, dijo el comandante.<\/p>\n<p>Concluy\u00f3 que \u201c\u00e9l env\u00eda un positivismo a nivel de ciudad para que todos veamos la ciudad desde los ojos que corresponde\u201d.<\/p>\n<p><a href=\"https:\/\/emisora.univalle.edu.co\/\/wp-content\/uploads\/2015\/09\/Alexis-Viera1.jpg\" data-lightbox=\"gal[7420]\"><img loading=\"lazy\" decoding=\"async\" class=\"alignright size-full wp-image-7380\" alt=\"Alexis Viera1\" src=\"https:\/\/emisora.univalle.edu.co\/\/wp-content\/uploads\/2015\/09\/Alexis-Viera1.jpg\" width=\"670\" height=\"323\" srcset=\"https:\/\/emisora.univalle.edu.co\/wp-content\/uploads\/2015\/09\/Alexis-Viera1.jpg 670w, https:\/\/emisora.univalle.edu.co\/wp-content\/uploads\/2015\/09\/Alexis-Viera1-300x144.jpg 300w, https:\/\/emisora.univalle.edu.co\/wp-content\/uploads\/2015\/09\/Alexis-Viera1-438x211.jpg 438w\" sizes=\"(max-width: 670px) 100vw, 670px\" \/><\/a><\/p>\n<p>Fuente: Comunicaciones Alcald\u00eda<\/p>\n","protected":false},"excerpt":{"rendered":"<p>El testimonio de vida del jugador de f\u00fatbol Alexis Viera, herido hace cerca de un mes en medio de un fleteo, no solo arranca l\u00e1grimas y solidaridad sino que se convierte en un ejemplo de vida, donde solo tienen cabida Dios, el agradecimiento, los buenos deseos y un amor infinito[&#8230;]<\/p>\n","protected":false},"author":1,"featured_media":7379,"comment_status":"open","ping_status":"open","sticky":false,"template":"","format":"standard","meta":{"footnotes":""},"categories":[4],"tags":[],"_links":{"self":[{"href":"https:\/\/emisora.univalle.edu.co\/index.php\/wp-json\/wp\/v2\/posts\/7420"}],"collection":[{"href":"https:\/\/emisora.univalle.edu.co\/index.php\/wp-json\/wp\/v2\/posts"}],"about":[{"href":"https:\/\/emisora.univalle.edu.co\/index.php\/wp-json\/wp\/v2\/types\/post"}],"author":[{"embeddable":true,"href":"https:\/\/emisora.univalle.edu.co\/index.php\/wp-json\/wp\/v2\/users\/1"}],"replies":[{"embeddable":true,"href":"https:\/\/emisora.univalle.edu.co\/index.php\/wp-json\/wp\/v2\/comments?post=7420"}],"version-history":[{"count":1,"href":"https:\/\/emisora.univalle.edu.co\/index.php\/wp-json\/wp\/v2\/posts\/7420\/revisions"}],"predecessor-version":[{"id":7421,"href":"https:\/\/emisora.univalle.edu.co\/index.php\/wp-json\/wp\/v2\/posts\/7420\/revisions\/7421"}],"wp:featuredmedia":[{"embeddable":true,"href":"https:\/\/emisora.univalle.edu.co\/index.php\/wp-json\/wp\/v2\/media\/7379"}],"wp:attachment":[{"href":"https:\/\/emisora.univalle.edu.co\/index.php\/wp-json\/wp\/v2\/media?parent=7420"}],"wp:term":[{"taxonomy":"category","embeddable":true,"href":"https:\/\/emisora.univalle.edu.co\/index.php\/wp-json\/wp\/v2\/categories?post=7420"},{"taxonomy":"post_tag","embeddable":true,"href":"https:\/\/emisora.univalle.edu.co\/index.php\/wp-json\/wp\/v2\/tags?post=7420"}],"curies":[{"name":"wp","href":"https:\/\/api.w.org\/{rel}","templated":true}]}}