{"id":7426,"date":"2015-09-22T15:06:50","date_gmt":"2015-09-22T20:06:50","guid":{"rendered":"https:\/\/emisora.univalle.edu.co\/\/?p=7426"},"modified":"2015-09-22T15:06:50","modified_gmt":"2015-09-22T20:06:50","slug":"gobernador-ubeimar-delgado-lidero-primer-encuentro-de-integrantes-de-la-red-regional-de-apoyo","status":"publish","type":"post","link":"https:\/\/emisora.univalle.edu.co\/index.php\/gobernador-ubeimar-delgado-lidero-primer-encuentro-de-integrantes-de-la-red-regional-de-apoyo\/","title":{"rendered":"Gobernador Ubeimar Delgado lider\u00f3 Primer Encuentro de Integrantes de la Red Regional de Apoyo"},"content":{"rendered":"<p><span style=\"line-height: 1.5em;\">El gobernador del Valle del Cauca Ubeimar Delgado Bland\u00f3n destac\u00f3 la importancia de la destinaci\u00f3n de m\u00e1s de $2 mil millones para la implementaci\u00f3n del Plan Candado que ha contribuido al mejoramiento de las condiciones de seguridad en el Valle durante el Primer Encuentro de Integrantes de la Red Regional de Apoyo\u00a0 de la Polic\u00eda Nacional.<\/span><\/p>\n<p>\u201cGracias a la destinaci\u00f3n de m\u00e1s de $2.000 millones por regal\u00edas para el Plan Candado programa de la Polic\u00eda Nacional, se pudo comprar diferentes elementos como c\u00e1maras de seguridad, radio tel\u00e9fonos entre otros como un apoyo para la seguridad ciudadana\u201d, asevero Delgado.<\/p>\n<p>El Mandatario Departamental resalt\u00f3 que durante el a\u00f1o 2014 se disminuyeron los homicidios en un 22% en el departamento evidenciando buenos resultados por parte de la instituci\u00f3n nacional.<\/p>\n<p>\u201cEstamos contentos con la labor que viene desarrollando la Polic\u00eda Nacional y la red de colaboradores, que son ciudadanos de bien que apoyan a la instituci\u00f3n\u201d, asever\u00f3 Delgado.<\/p>\n<p>En la jornada el gobernador condecor\u00f3 al General, Jorge Hernando Nieto Rojas, director de Seguridad Ciudadana de la Polic\u00eda Nacional.<\/p>\n<p>\u201cHoy hemos condecorado a\u00a0 la Polic\u00eda por todos sus buenos resultados importantes que dan sensaci\u00f3n de seguridad a la patria llena de esperanzas en procura de los vallecaucanos\u201d, finaliz\u00f3 el mandatario.<\/p>\n<p>Fuente: Comunicaciones Gobernaci\u00f3n<\/p>\n","protected":false},"excerpt":{"rendered":"<p>El gobernador del Valle del Cauca Ubeimar Delgado Bland\u00f3n destac\u00f3 la importancia de la destinaci\u00f3n de m\u00e1s de $2 mil millones para la implementaci\u00f3n del Plan Candado que ha contribuido al mejoramiento de las condiciones de seguridad en el Valle durante el Primer Encuentro de Integrantes de la Red Regional[&#8230;]<\/p>\n","protected":false},"author":1,"featured_media":7393,"comment_status":"open","ping_status":"open","sticky":false,"template":"","format":"standard","meta":{"footnotes":""},"categories":[4],"tags":[],"_links":{"self":[{"href":"https:\/\/emisora.univalle.edu.co\/index.php\/wp-json\/wp\/v2\/posts\/7426"}],"collection":[{"href":"https:\/\/emisora.univalle.edu.co\/index.php\/wp-json\/wp\/v2\/posts"}],"about":[{"href":"https:\/\/emisora.univalle.edu.co\/index.php\/wp-json\/wp\/v2\/types\/post"}],"author":[{"embeddable":true,"href":"https:\/\/emisora.univalle.edu.co\/index.php\/wp-json\/wp\/v2\/users\/1"}],"replies":[{"embeddable":true,"href":"https:\/\/emisora.univalle.edu.co\/index.php\/wp-json\/wp\/v2\/comments?post=7426"}],"version-history":[{"count":1,"href":"https:\/\/emisora.univalle.edu.co\/index.php\/wp-json\/wp\/v2\/posts\/7426\/revisions"}],"predecessor-version":[{"id":7427,"href":"https:\/\/emisora.univalle.edu.co\/index.php\/wp-json\/wp\/v2\/posts\/7426\/revisions\/7427"}],"wp:featuredmedia":[{"embeddable":true,"href":"https:\/\/emisora.univalle.edu.co\/index.php\/wp-json\/wp\/v2\/media\/7393"}],"wp:attachment":[{"href":"https:\/\/emisora.univalle.edu.co\/index.php\/wp-json\/wp\/v2\/media?parent=7426"}],"wp:term":[{"taxonomy":"category","embeddable":true,"href":"https:\/\/emisora.univalle.edu.co\/index.php\/wp-json\/wp\/v2\/categories?post=7426"},{"taxonomy":"post_tag","embeddable":true,"href":"https:\/\/emisora.univalle.edu.co\/index.php\/wp-json\/wp\/v2\/tags?post=7426"}],"curies":[{"name":"wp","href":"https:\/\/api.w.org\/{rel}","templated":true}]}}