{"id":7429,"date":"2015-09-22T15:12:34","date_gmt":"2015-09-22T20:12:34","guid":{"rendered":"https:\/\/emisora.univalle.edu.co\/\/?p=7429"},"modified":"2015-09-22T15:51:16","modified_gmt":"2015-09-22T20:51:16","slug":"univalle-le-cumplio-al-medio-ambiente-dia-del-carro-y-moto","status":"publish","type":"post","link":"https:\/\/emisora.univalle.edu.co\/index.php\/univalle-le-cumplio-al-medio-ambiente-dia-del-carro-y-moto\/","title":{"rendered":"Univalle le cumpli\u00f3 al medio ambiente; \u201cD\u00eda del NO carro y NO moto\u201d"},"content":{"rendered":"<p><span style=\"line-height: 1.5em;\"><a href=\"https:\/\/emisora.univalle.edu.co\/\/wp-content\/uploads\/2015\/09\/Sin-carro-y-moto3.jpg\" data-lightbox=\"gal[7429]\"><img loading=\"lazy\" decoding=\"async\" class=\" wp-image-7396 alignleft\" alt=\"Sin carro y moto3\" src=\"https:\/\/emisora.univalle.edu.co\/\/wp-content\/uploads\/2015\/09\/Sin-carro-y-moto3.jpg\" width=\"470\" height=\"321\" srcset=\"https:\/\/emisora.univalle.edu.co\/wp-content\/uploads\/2015\/09\/Sin-carro-y-moto3.jpg 960w, https:\/\/emisora.univalle.edu.co\/wp-content\/uploads\/2015\/09\/Sin-carro-y-moto3-300x204.jpg 300w, https:\/\/emisora.univalle.edu.co\/wp-content\/uploads\/2015\/09\/Sin-carro-y-moto3-438x298.jpg 438w\" sizes=\"(max-width: 470px) 100vw, 470px\" \/><\/a>La comunidad del Campus Mel\u00e9ndez de la Universidad del Valle, acogi\u00f3 el \u201cD\u00eda sin carro y sin moto\u201d y cumpli\u00f3 el objetivo de cumplirle al medio ambiente como parte de un conjunto de acciones que reivindican la movilidad sustentable en el mundo.<\/span><\/p>\n<p>La Universidad dispuso del espacio para los miles de funcionarios, estudiantes y visitantes quienes llegaron al Campus caminando o en sus caballitos de acero u otro medio de movilidad. Las pocas personas que por falta de informaci\u00f3n llegaron en carro, debieron buscar un parqueadero en sitios aleda\u00f1os o regresar a sus lugares de salida.<\/p>\n<p>Mediante Resoluci\u00f3n de Rector\u00eda se institucionaliz\u00f3 el d\u00eda del No Carro y Moto de la Ciudad Universitaria\u00a0 de Mel\u00e9ndez, el 22 de septiembre de cada a\u00f1o.<\/p>\n<p>La institucionalizaci\u00f3n implica que no permite el ingreso de veh\u00edculos automotores y motos en el campus de Mel\u00e9ndez entre las 5.00 a.m y las 11.00 p.m.<\/p>\n<p>La Universidad del Valle trabaja en la ampliaci\u00f3n de la movilidad interna con la implementaci\u00f3n del primer bicicarril interno, modelo en Colombia, un parqueadero nuevo de motos y la organizaci\u00f3n de la I Semana Nacional de la Bicicleta.<\/p>\n<p>Como parte de las actividades programadas, se realiz\u00f3 el Foro \u201cCali: movilidad urbana en Cicla\u201d, en el Auditorio \u00c1ngel Zapata de la Biblioteca Mario Carvajal, desde de las 9:00 a.m. A las 4:00 p.m., saldr\u00e1 desde el Campus Mel\u00e9ndez el \u201cCiclopaseo POR LA VIDA Jhonny Silva Aranguren\u201d.<a href=\"https:\/\/emisora.univalle.edu.co\/\/wp-content\/uploads\/2015\/09\/Sin-carro-y-moto.jpg\" data-lightbox=\"gal[7429]\"><img loading=\"lazy\" decoding=\"async\" class=\"alignright size-full wp-image-7394\" alt=\"Sin carro y moto\" src=\"https:\/\/emisora.univalle.edu.co\/\/wp-content\/uploads\/2015\/09\/Sin-carro-y-moto.jpg\" width=\"400\" height=\"350\" srcset=\"https:\/\/emisora.univalle.edu.co\/wp-content\/uploads\/2015\/09\/Sin-carro-y-moto.jpg 400w, https:\/\/emisora.univalle.edu.co\/wp-content\/uploads\/2015\/09\/Sin-carro-y-moto-300x262.jpg 300w\" sizes=\"(max-width: 400px) 100vw, 400px\" \/><\/a><\/p>\n<p>El mi\u00e9rcoles 23 de septiembre se realizar\u00e1 el \u201cTaller de construcci\u00f3n participativa de pol\u00edticas p\u00fablicas &#8211; sistemas de movilidad urbana cicloinclusivos\u201d, con el apoyo y participaci\u00f3n del Ministerio Nacional de Transporte. Esta actividad se realizar\u00e1 en el Auditorio Antonio J. Posada, Edificio 387, Mel\u00e9ndez.<\/p>\n<p>Hoy 22 de septiembre se celebra el \u201cD\u00eda Mundial sin Carro\u201d, una iniciativa que han promovido ciudades como Reikiavik (Islandia), La Rochelle (Francia) y Bath (de Reino Unido) desde el 2000. Sum\u00e1ndose a esto, el lunes empieza la Semana Europea de la Movilidad, que llevan a cabo m\u00e1s de 1.600 ciudades de todo ese continente con el prop\u00f3sito de \u00abpotenciar formas sostenibles de movilidad urbana\u00bb. Bogot\u00e1 tambi\u00e9n se uni\u00f3 a este proyecto.<\/p>\n<p>Fuente: Agencia de Noticias Univalle, Univalle Est\u00e9reo 105.3<\/p>\n","protected":false},"excerpt":{"rendered":"<p>La comunidad del Campus Mel\u00e9ndez de la Universidad del Valle, acogi\u00f3 el \u201cD\u00eda sin carro y sin moto\u201d y cumpli\u00f3 el objetivo de cumplirle al medio ambiente como parte de un conjunto de acciones que reivindican la movilidad sustentable en el mundo. La Universidad dispuso del espacio para los miles[&#8230;]<\/p>\n","protected":false},"author":1,"featured_media":7395,"comment_status":"open","ping_status":"open","sticky":false,"template":"","format":"standard","meta":{"footnotes":""},"categories":[4],"tags":[],"_links":{"self":[{"href":"https:\/\/emisora.univalle.edu.co\/index.php\/wp-json\/wp\/v2\/posts\/7429"}],"collection":[{"href":"https:\/\/emisora.univalle.edu.co\/index.php\/wp-json\/wp\/v2\/posts"}],"about":[{"href":"https:\/\/emisora.univalle.edu.co\/index.php\/wp-json\/wp\/v2\/types\/post"}],"author":[{"embeddable":true,"href":"https:\/\/emisora.univalle.edu.co\/index.php\/wp-json\/wp\/v2\/users\/1"}],"replies":[{"embeddable":true,"href":"https:\/\/emisora.univalle.edu.co\/index.php\/wp-json\/wp\/v2\/comments?post=7429"}],"version-history":[{"count":2,"href":"https:\/\/emisora.univalle.edu.co\/index.php\/wp-json\/wp\/v2\/posts\/7429\/revisions"}],"predecessor-version":[{"id":7433,"href":"https:\/\/emisora.univalle.edu.co\/index.php\/wp-json\/wp\/v2\/posts\/7429\/revisions\/7433"}],"wp:featuredmedia":[{"embeddable":true,"href":"https:\/\/emisora.univalle.edu.co\/index.php\/wp-json\/wp\/v2\/media\/7395"}],"wp:attachment":[{"href":"https:\/\/emisora.univalle.edu.co\/index.php\/wp-json\/wp\/v2\/media?parent=7429"}],"wp:term":[{"taxonomy":"category","embeddable":true,"href":"https:\/\/emisora.univalle.edu.co\/index.php\/wp-json\/wp\/v2\/categories?post=7429"},{"taxonomy":"post_tag","embeddable":true,"href":"https:\/\/emisora.univalle.edu.co\/index.php\/wp-json\/wp\/v2\/tags?post=7429"}],"curies":[{"name":"wp","href":"https:\/\/api.w.org\/{rel}","templated":true}]}}