{"id":7453,"date":"2015-09-23T10:20:02","date_gmt":"2015-09-23T15:20:02","guid":{"rendered":"https:\/\/emisora.univalle.edu.co\/\/?p=7453"},"modified":"2015-09-23T10:20:02","modified_gmt":"2015-09-23T15:20:02","slug":"casa-de-colores-ejemplo-de-gestion-cultural","status":"publish","type":"post","link":"https:\/\/emisora.univalle.edu.co\/index.php\/casa-de-colores-ejemplo-de-gestion-cultural\/","title":{"rendered":"\u201cCasa de Colores\u201d Ejemplo de Gesti\u00f3n Cultural"},"content":{"rendered":"<p><span style=\"line-height: 1.5em;\">El pasado 29 de Julio de 2015, a trav\u00e9s de la Resoluci\u00f3n No. 2263, se dio el Reconocimiento a la Gesti\u00f3n Territorial, a los Ganadores de la Convocatoria del Plan Nacional de Est\u00edmulos del Ministerio de Cultura,\u00a0 donde el Departamento obtuvo una importante representaci\u00f3n, gracias al Municipio de Jamund\u00ed y su Secretar\u00eda de Cultura, quien fue meritoria del reconocimiento por la ardua labor, gesti\u00f3n y desempe\u00f1o Cultural.<\/span><\/p>\n<p>La Secretar\u00eda de Cultura de Jamund\u00ed dirigida por Jos\u00e9 Dolores Rubio, logr\u00f3 presentar su propuesta de cambios y transformaci\u00f3n de entornos comunitarios con el Programa bandera de la Casa de la Cultura, denominado: \u201cCasa de Colores\u201d.<\/p>\n<p>Casa de Colores, logr\u00f3 descentralizar la Casa de la Cultura de Jamund\u00ed buscando espacios parroquiales y casetas comunales, en barrios, veredas y corregimientos, donde fortaleci\u00f3 las jornadas acad\u00e9micas a trav\u00e9s de\u00a0 actividades art\u00edsticas, con el apoyo de los 51 Monitores culturales formando\u00a0 m\u00e1s de 520 ni\u00f1os, ni\u00f1as y j\u00f3venes en Danza folkl\u00f3rica, Pintura, M\u00fasica y Teatro.<\/p>\n<p>\u201cEn tal sentido Casa de Colores, debe de convertirse como un modelo para todo el Valle del Cauca y Colombia, no solo por su formaci\u00f3n art\u00edstica, sino educadora como lo hemos logrado con el Proyecto \u201cCiudad Educadora\u201d, que ha venido preservando el Patrimonio Cultural a trav\u00e9s de los valores\u201d, Manifest\u00f3 Jos\u00e9 Rubio Castro, Secretario de Cultura de Jamund\u00ed.<\/p>\n<p>\u201cIniciativas como esta nos llenan orgullo y hacen de nuestro empe\u00f1o un valor determinante para trabajar m\u00e1s por la Cultura, la exaltaci\u00f3n al Vallecaucano tambi\u00e9n es notoria por la gesti\u00f3n presupuestal para los procesos de formaci\u00f3n, donde la Gobernaci\u00f3n desde la Secretar\u00eda de Cultura Departamental,\u00a0 ha brindado apoyo con la Dotaci\u00f3n de instrumentos musicales, para las Escuelas M\u00fasica de los 42 municipios del departamento, entre ellos Jamund\u00ed\u201d. Ana Mar\u00eda Jaramillo Torres, Secretaria Departamental de Cultura.<\/p>\n<p>Fuente: Comunicaciones Gobernaci\u00f3n<\/p>\n","protected":false},"excerpt":{"rendered":"<p>El pasado 29 de Julio de 2015, a trav\u00e9s de la Resoluci\u00f3n No. 2263, se dio el Reconocimiento a la Gesti\u00f3n Territorial, a los Ganadores de la Convocatoria del Plan Nacional de Est\u00edmulos del Ministerio de Cultura,\u00a0 donde el Departamento obtuvo una importante representaci\u00f3n, gracias al Municipio de Jamund\u00ed y[&#8230;]<\/p>\n","protected":false},"author":1,"featured_media":7451,"comment_status":"open","ping_status":"open","sticky":false,"template":"","format":"standard","meta":{"footnotes":""},"categories":[4],"tags":[],"_links":{"self":[{"href":"https:\/\/emisora.univalle.edu.co\/index.php\/wp-json\/wp\/v2\/posts\/7453"}],"collection":[{"href":"https:\/\/emisora.univalle.edu.co\/index.php\/wp-json\/wp\/v2\/posts"}],"about":[{"href":"https:\/\/emisora.univalle.edu.co\/index.php\/wp-json\/wp\/v2\/types\/post"}],"author":[{"embeddable":true,"href":"https:\/\/emisora.univalle.edu.co\/index.php\/wp-json\/wp\/v2\/users\/1"}],"replies":[{"embeddable":true,"href":"https:\/\/emisora.univalle.edu.co\/index.php\/wp-json\/wp\/v2\/comments?post=7453"}],"version-history":[{"count":1,"href":"https:\/\/emisora.univalle.edu.co\/index.php\/wp-json\/wp\/v2\/posts\/7453\/revisions"}],"predecessor-version":[{"id":7454,"href":"https:\/\/emisora.univalle.edu.co\/index.php\/wp-json\/wp\/v2\/posts\/7453\/revisions\/7454"}],"wp:featuredmedia":[{"embeddable":true,"href":"https:\/\/emisora.univalle.edu.co\/index.php\/wp-json\/wp\/v2\/media\/7451"}],"wp:attachment":[{"href":"https:\/\/emisora.univalle.edu.co\/index.php\/wp-json\/wp\/v2\/media?parent=7453"}],"wp:term":[{"taxonomy":"category","embeddable":true,"href":"https:\/\/emisora.univalle.edu.co\/index.php\/wp-json\/wp\/v2\/categories?post=7453"},{"taxonomy":"post_tag","embeddable":true,"href":"https:\/\/emisora.univalle.edu.co\/index.php\/wp-json\/wp\/v2\/tags?post=7453"}],"curies":[{"name":"wp","href":"https:\/\/api.w.org\/{rel}","templated":true}]}}