{"id":7459,"date":"2015-09-23T10:24:22","date_gmt":"2015-09-23T15:24:22","guid":{"rendered":"https:\/\/emisora.univalle.edu.co\/\/?p=7459"},"modified":"2015-09-23T10:24:22","modified_gmt":"2015-09-23T15:24:22","slug":"taller-practico-de-lectura-en-la-biblioteca-departamental","status":"publish","type":"post","link":"https:\/\/emisora.univalle.edu.co\/index.php\/taller-practico-de-lectura-en-la-biblioteca-departamental\/","title":{"rendered":"Taller pr\u00e1ctico de lectura en la Biblioteca Departamental"},"content":{"rendered":"<p><span style=\"line-height: 1.5em;\">Taller pr\u00e1ctico de lectura para j\u00f3venes y adultos se desarrollar\u00e1 en la Biblioteca Departamental Jorge Garc\u00e9s Borrero con el objetivo de que los participantes dominen el sonido y la transmisi\u00f3n del mensaje.<\/span><\/p>\n<p>La fon\u00e9tica y la sensibilizaci\u00f3n al momento de leer son fundamentales para la comprensi\u00f3n del texto y hacer que este trascienda, afirma Daniela Henao Osorio, facilitadora de la actividad.<\/p>\n<p>Durante el taller de lectura se practicar\u00e1n respiraci\u00f3n, resonancia, fon\u00e9tica, calentamiento vocal, tonos graves y agudos, respiraci\u00f3n de diafragma, postura, correcto flujo del aire y ritmo de lectura con poes\u00eda cl\u00e1sica.<\/p>\n<p>El taller se realizar\u00e1 durante 20 horas, se iniciar\u00e1 el 15 de octubre y continuar\u00e1 en las tardes de los mi\u00e9rcoles y jueves (4:00 a 6:00 p.m.) para terminar el 23 de noviembre con la lectura de poemas durante la celebraci\u00f3n del D\u00eda Internacional de la palabra.<\/p>\n<p>Fuente: Comunicaciones Gobernaci\u00f3n \u2013 Biblioteca Departamental<\/p>\n","protected":false},"excerpt":{"rendered":"<p>Taller pr\u00e1ctico de lectura para j\u00f3venes y adultos se desarrollar\u00e1 en la Biblioteca Departamental Jorge Garc\u00e9s Borrero con el objetivo de que los participantes dominen el sonido y la transmisi\u00f3n del mensaje. La fon\u00e9tica y la sensibilizaci\u00f3n al momento de leer son fundamentales para la comprensi\u00f3n del texto y hacer[&#8230;]<\/p>\n","protected":false},"author":1,"featured_media":7452,"comment_status":"open","ping_status":"open","sticky":false,"template":"","format":"standard","meta":{"footnotes":""},"categories":[4],"tags":[],"_links":{"self":[{"href":"https:\/\/emisora.univalle.edu.co\/index.php\/wp-json\/wp\/v2\/posts\/7459"}],"collection":[{"href":"https:\/\/emisora.univalle.edu.co\/index.php\/wp-json\/wp\/v2\/posts"}],"about":[{"href":"https:\/\/emisora.univalle.edu.co\/index.php\/wp-json\/wp\/v2\/types\/post"}],"author":[{"embeddable":true,"href":"https:\/\/emisora.univalle.edu.co\/index.php\/wp-json\/wp\/v2\/users\/1"}],"replies":[{"embeddable":true,"href":"https:\/\/emisora.univalle.edu.co\/index.php\/wp-json\/wp\/v2\/comments?post=7459"}],"version-history":[{"count":1,"href":"https:\/\/emisora.univalle.edu.co\/index.php\/wp-json\/wp\/v2\/posts\/7459\/revisions"}],"predecessor-version":[{"id":7460,"href":"https:\/\/emisora.univalle.edu.co\/index.php\/wp-json\/wp\/v2\/posts\/7459\/revisions\/7460"}],"wp:featuredmedia":[{"embeddable":true,"href":"https:\/\/emisora.univalle.edu.co\/index.php\/wp-json\/wp\/v2\/media\/7452"}],"wp:attachment":[{"href":"https:\/\/emisora.univalle.edu.co\/index.php\/wp-json\/wp\/v2\/media?parent=7459"}],"wp:term":[{"taxonomy":"category","embeddable":true,"href":"https:\/\/emisora.univalle.edu.co\/index.php\/wp-json\/wp\/v2\/categories?post=7459"},{"taxonomy":"post_tag","embeddable":true,"href":"https:\/\/emisora.univalle.edu.co\/index.php\/wp-json\/wp\/v2\/tags?post=7459"}],"curies":[{"name":"wp","href":"https:\/\/api.w.org\/{rel}","templated":true}]}}