{"id":7470,"date":"2015-09-23T10:37:27","date_gmt":"2015-09-23T15:37:27","guid":{"rendered":"https:\/\/emisora.univalle.edu.co\/\/?p=7470"},"modified":"2015-09-23T10:37:27","modified_gmt":"2015-09-23T15:37:27","slug":"hace-20-anos-sabemos-como-recuperar-los-rios-experta-de-cinara-univalle","status":"publish","type":"post","link":"https:\/\/emisora.univalle.edu.co\/index.php\/hace-20-anos-sabemos-como-recuperar-los-rios-experta-de-cinara-univalle\/","title":{"rendered":"\u00abHace 20 a\u00f1os sabemos c\u00f3mo recuperar los r\u00edos\u00bb: experta de Cinara &#8211; Univalle"},"content":{"rendered":"<p><span style=\"line-height: 1.5em;\">La intensa ola de calor que tiene al 25 % de Cali sufriendo constantes cortes de agua, las fotograf\u00edas que muestran a los principales r\u00edos de la ciudad completamente secos y las alertas del d\u00e9ficit del l\u00edquido en los embalses de la regi\u00f3n le han dado vida al temor de que Cali no tendr\u00e1 ni una sola gota de agua en el futuro.<\/span><\/p>\n<p>Pero a\u00fan con la grave afectaci\u00f3n medioambiental del Fen\u00f3meno del Ni\u00f1o, y los estragos que generar\u00e1 el cambio clim\u00e1tico, el panorama para Cali no ser\u00e1 tan dram\u00e1tico, si se aplican acciones contundentes.<a href=\"https:\/\/emisora.univalle.edu.co\/\/wp-content\/uploads\/2015\/09\/Ines-Restrepo-Cinara.jpg\" data-lightbox=\"gal[7470]\"><img loading=\"lazy\" decoding=\"async\" class=\"alignright  wp-image-7445\" alt=\"Ines Restrepo - Cinara\" src=\"https:\/\/emisora.univalle.edu.co\/\/wp-content\/uploads\/2015\/09\/Ines-Restrepo-Cinara.jpg\" width=\"351\" height=\"473\" srcset=\"https:\/\/emisora.univalle.edu.co\/wp-content\/uploads\/2015\/09\/Ines-Restrepo-Cinara.jpg 390w, https:\/\/emisora.univalle.edu.co\/wp-content\/uploads\/2015\/09\/Ines-Restrepo-Cinara-222x300.jpg 222w\" sizes=\"(max-width: 351px) 100vw, 351px\" \/><\/a><\/p>\n<p>As\u00ed lo asegura In\u00e9s Restrepo, doctora de la Universidad de Leeds e investigadora del Grupo de <b>Instituto de Investigaci\u00f3n y Desarrollo en Abastecimiento de Agua, Saneamiento Ambiental y Conservaci\u00f3n del Recurso H\u00eddrico \u2013 Cinara de la Universidad del Valle<\/b>. La experta desmiente la teor\u00eda de que Cali se quedar\u00e1 sin agua en un futuro cercano y hace un llamado para mirar con atenci\u00f3n al r\u00edo Cauca.<\/p>\n<p><b>\u00bfC\u00f3mo ve el panorama del recurso h\u00eddrico en pleno Fen\u00f3meno del Ni\u00f1o?<\/b><\/p>\n<p>Est\u00e1 complicado. Nuestra fuente natural, que es el r\u00edo Cauca, tiene problemas de contaminaci\u00f3n, sobre todo en esta parte cercana a la ciudad, despu\u00e9s de Salvajina, y no estamos haciendo nada por su recuperaci\u00f3n. Andamos pensando en hacer obras fara\u00f3nicas en la ladera, con r\u00edos que en verano est\u00e1n secos y no son los que van abastecer a Cali porque tienen muy poco caudal.<\/p>\n<p><b>\u00bfEl Fen\u00f3meno del Ni\u00f1o tiene la culpa de la sequ\u00eda de nuestros r\u00edos?<\/b><\/p>\n<p>No, el r\u00edo Cauca tiene todo el caudal de agua necesario para Cali por muchos siglos, pero ha estado en un proceso de deterioro continuo. Emcali cerr\u00f3 por primera vez la planta de potabilizaci\u00f3n que extrae el agua del Cauca en 1998 por s\u00f3lo 15 minutos. Mire ahora cu\u00e1ntas veces se cierra al a\u00f1o y cu\u00e1ntas horas han durado los cierres. Que no le queramos poner cuidado a los r\u00edos es el problema fundamental de Cali.<\/p>\n<p><b>\u00bfY c\u00f3mo est\u00e1 la calidad del agua del Cauca?<\/b><\/p>\n<p>La calidad del agua no es tan buena y no se quieren resolver los problemas de contaminaci\u00f3n del r\u00edo, no se hacen las cosas para evitarlo. Hay que revisar qu\u00e9 alternativas tenemos frente al r\u00edo, no para dejar de usarlo, sino para seguirlo usando de otra manera.<\/p>\n<p><b>\u00bfA qu\u00e9 se refiere cuando dice que la calidad del agua no es tan buena?<\/b><\/p>\n<p>La primera fuente de contaminaci\u00f3n brava del r\u00edo es el canal sur, que recoge el agua residual de la mitad de Cali y la descarga 4 kil\u00f3metros antes de la bocatoma, es una fuente de contaminaci\u00f3n concentrada muy grande. Las otras est\u00e1n en las minas de Su\u00e1rez y la zona industrial del norte del Cauca. La contaminaci\u00f3n se siente m\u00e1s en verano, por los bajos niveles del r\u00edo, pero en invierno tiene el problema de las cuencas del Cauca, que est\u00e1n muy deterioradas y cada que vienen esos aguaceros grandes, lavan esas cuencas y se traen los sedimentos.<\/p>\n<p><b>\u00bfY el agua de los r\u00edos de ladera c\u00f3mo est\u00e1?<\/b><\/p>\n<p>Los r\u00edos de ladera tienen un caudal muy bajo. Incluso el r\u00edo Timba, que est\u00e1n pensando en traese desde el Cauca, tiene un caudal bajo y\u00a0 en verano todos los r\u00edos de ladera est\u00e1n secos. Cali necesita mucha agua, o sea que en verano siempre tendr\u00edamos ese problema de abastecimiento en las zonas de ladera.<\/p>\n<p><b>\u00bfY el comportamiento de estos r\u00edos es normal?<\/b><\/p>\n<p>Es natural. Se ha agravado porque como tampoco se les pone cuidado a esas cuencas, los planes de reforestaci\u00f3n y cuidado aqu\u00ed pr\u00e1cticamente no tienen ning\u00fan impacto. Sembramos \u00e1rboles en pleno verano, que se mueren al mes porque est\u00e1n secos, no hacemos las cosas como son y las cuencas siguen deterior\u00e1ndose.<\/p>\n<p><b>Es decir, hay que dejar quietos a los r\u00edos de ladera&#8230;<\/b><\/p>\n<p>No deber\u00edamos coger los r\u00edos de ladera. Se pueden tomar como en estos momentos para abastecer a peque\u00f1as partes de la ciudad, pero no se puede pensar que estos r\u00edos le van a dar agua a toda Cali y menos con el Fen\u00f3meno del Ni\u00f1o y la variaci\u00f3n clim\u00e1tica que tenemos. Y hay otra situaci\u00f3n con esos r\u00edos, cuando los cogen, los cogen todos y aguas abajo no queda nada. Despu\u00e9s de la bocatoma no hay una gota de agua, eso acaba con los ecosistemas acu\u00e1ticos y con las posibilidades de uso que tiene la poblaci\u00f3n que vive bajo esas bocatomas. El r\u00edo Mel\u00e9ndez es muy peque\u00f1o y queda pr\u00e1cticamente seco despu\u00e9s de la bocatoma.<\/p>\n<p><b>La contaminaci\u00f3n es uno de los principales males que afectan al r\u00edo Cauca. <\/b><\/p>\n<p><b>\u00bfY el r\u00edo Cauca s\u00ed da para abastecer a toda Cali?<\/b><\/p>\n<p>Tiene agua para toda Cali. Y no implica nada nuevo para abastecer a las zonas de ladera, porque ya existe conexi\u00f3n entre la red baja y la alta, se tendr\u00edan que hacer bombeos y Emcali ya lo ha hecho.<\/p>\n<p><b>Usted dice que el Cauca est\u00e1 contaminado, \u00bfes insalvable el r\u00edo? \u00bfQu\u00e9 acciones inmediatas necesita para su salvaci\u00f3n?<\/b><\/p>\n<p>El r\u00edo Cauca se puede recuperar y una prueba de ello es Europa, donde hace 50 a\u00f1os ten\u00edan sus r\u00edos absolutamente contaminados. La primera acci\u00f3n que necesitamos es separar las aguas del canal sur que caen al r\u00edo. Con eso le hacemos un favor inmenso, porque pr\u00e1cticamente la mitad de la contaminaci\u00f3n que tiene el\u00a0 Cauca es la que produce la ciudad de Cali. Emcali estuvo haciendo colectores paralelos a canales de aguas lluvias, para separar el agua residual, y ese programa lo tienen que continuar y tienen que pensar d\u00f3nde se va a tratar esa agua.<\/p>\n<p>Tambi\u00e9n hay que negociar con los ca\u00f1eros el uso de los agroqu\u00edmicos y apoyar a la Corporaci\u00f3n Aut\u00f3noma del Cauca para mejorar la industria del norte de ese departamento en\u00a0 producci\u00f3n m\u00e1s limpia, eso mejorar\u00eda el estado del r\u00edo.<\/p>\n<p><b>\u00bfNos quedaremos sin agua si no se implementan esas acciones?<\/b><\/p>\n<p>No, no nos vamos a quedar sin agua, pero s\u00ed vamos a continuar con los problemas que tenemos ahora. Per\u00edodos secos donde toda la zona de ladera se va a quedar sin agua, per\u00edodos de verano donde se concentre toda la contaminaci\u00f3n en el r\u00edo Cauca y tengan que suspender por horas la planta. En el invierno los mismos problemas de las palizadas y sedimentos. Vamos a seguir quej\u00e1ndonos cada verano y cada invierno.<\/p>\n<p><b>Pero el embalse de Salvajina tambi\u00e9n est\u00e1 muy bajo, \u00bfno es un s\u00edntoma de preocupaci\u00f3n?<\/b><\/p>\n<p>En todo el pa\u00eds los embalses est\u00e1n bajos, pero nuestra fuente es aqu\u00ed. Y cuando el r\u00edo Cauca est\u00e1 m\u00e1s bajito, tiene 40 metros c\u00fabicos por segundo, y toda Cali necesita 7,5 metros c\u00fabicos por segundo, o sea que cuando el r\u00edo est\u00e9 muy seco siempre tendr\u00e1 el agua para la ciudad. Puede haber el Fen\u00f3meno del Ni\u00f1o que quiera, que ese r\u00edo no tendr\u00e1 menos de 40 metros c\u00fabicos.<\/p>\n<p><b>\u00bfEntonces no estamos mirando bien al r\u00edo Cauca?<\/b><\/p>\n<p>Le estamos dando certificado de defunci\u00f3n. Cuando decimos que vamos a recoger agua de los r\u00edos de ladera para abastecer a Cali, estamos d\u00e1ndole un certificado de defunci\u00f3n a nuestro r\u00edo Cauca, que es nuestro principal r\u00edo. Si usted mira a\u00a0 Londres y Par\u00eds, siempre han tenido un r\u00edo grande como el que tenemos nosotros, y siempre lo han mirado como su fuente de abastecimiento, tratando de quitarle la contaminaci\u00f3n, de tenerlo bonito, porque es su r\u00edo, nosotros no pensamos en el Cauca como nuestro r\u00edo, porque ni siquiera lo vemos por el Jarill\u00f3n, la gente ni conoce el r\u00edo. No tenemos sentido de pertenencia, y ese es el r\u00edo que tenemos para siempre. El problema no es que no haya agua para Cali, agua s\u00ed hay, pero tenemos que ver las estrategias para recuperar el r\u00edo y tecnolog\u00edas que nos permitan lidiar con los problemas que trae. Las acciones para recuperar el Cauca se conocen desde hace 20 a\u00f1os, pero no hay voluntad para hacerlas.<\/p>\n<p><b>\u00bfY qu\u00e9 se puede hacer para garantizar agua a futuro con el cambio clim\u00e1tico?<\/b><\/p>\n<p>Emcali tiene varias alternativas. En Cinara estamos estudiando una alternativa que comprende hacer unos pozos al lado del r\u00edo con tuber\u00eda horizontal, que como est\u00e1n cerca del r\u00edo, el agua ingresa en contrav\u00eda, se absorbe y\u00a0 la contaminaci\u00f3n se trata con la arena del fondo del r\u00edo, por lo que el agua pasa de mejor calidad. Nos faltan $ 1000 millones para terminar de estudiarla y\u00a0 hay una estimaci\u00f3n preliminar de costos, que posiblemente sea m\u00e1s barato que traer el agua de Salvajina, es mucho m\u00e1s barato que construir presas en la ladera, como se ha contemplado tambi\u00e9n. Pedimos que nos permitan terminar el estudio para compararla con las dem\u00e1s alternativas.<\/p>\n<p><b>\u00bfCu\u00e1ntos pozos ser\u00edan?<\/b><\/p>\n<p>En principio se ha hablado de 12 pozos en un meandro del r\u00edo (curvas que describen el curso del afluente), podr\u00edan ser m\u00e1s pozos porque el Cauca tiene varios meandros. Cada pozo tendr\u00e1\u00a0 38 metros de profundidad y quedar\u00e1n por debajo del fondo del r\u00edo.<\/p>\n<p><b>\u00bfY esta idea ya se ha implementado en otras partes del mundo?<\/b><\/p>\n<p>S\u00ed, hace 150 a\u00f1os en Europa. En Estados Unidos, donde han tenido problema de contaminaci\u00f3n de r\u00edos, tienen varias experiencias bonitas en el uso de esa tecnolog\u00eda. Lo interesante es que estos pozos quedar\u00edan cerca de la planta de Puerto Mallarino.<\/p>\n<p><b>\u00bfY por qu\u00e9 no lo implementan, usted cree que no los escuchan?<\/b><\/p>\n<p>No, no escuchan a la academia. Esta propuesta la tenemos hace cinco a\u00f1os y no ha sido posible conseguir el dinero para terminar la investigaci\u00f3n.<\/p>\n<p><b>La contaminaci\u00f3n de los r\u00edos tambi\u00e9n es un problema ciudadano, \u00bftenemos que cambiar nuestro estilo de vida?<\/b><\/p>\n<p>Los cale\u00f1os han reducido bastante el consumo. Los estratos 5 y 6 son los que m\u00e1s consumen agua, por encima de los estratos m\u00e1s bajos. Podemos hacer muchas acciones a nivel de nuestra casa para reducir el consumo. Cambiar los aparatos sanitarios, llaves, inodoro, llave de cocina, de la ducha, por aparatos de bajo consumo. El 80% de Cali tiene aparatos viejos, que liberan 18 litros de agua cada vez que hacen descargas, y los de ahora que ya no son tan caros, descargan entre 4 y 6 litros. Yo lo hice en mi casa, cambi\u00e9 todos los aparatos y mi consumo baj\u00f3 el 50%.<\/p>\n<p>La educaci\u00f3n ayuda, pero con cambios de h\u00e1bitos solamente se baja el 10% del consumo, porque la tecnolog\u00eda es la que est\u00e1 botando el agua. Por ejemplo, el usuario pone el ladrillo en el inodoro, pero eso baja un litro del tanque.<\/p>\n<p><b>\u00bfY el agua que sale de la llave c\u00f3mo est\u00e1?<\/b><\/p>\n<p>El agua de Cali cumple con todas las normas y Emcali hace un esfuerzo enorme por potabilizarla, ellos tienen medidas preventivas para lidiar con la contaminaci\u00f3n del r\u00edo.<\/p>\n<p><b>\u00bfC\u00f3mo ve el panorama venidero?<\/b><\/p>\n<p>A t\u00edtulo personal me preocupa mucho. No tenemos l\u00edderes que piensen la ciudad a futuro. Todo es cortoplacista, se piensan medidas para el verano, pero despu\u00e9s pasa y nadie vuelve a hablar del tema.<\/p>\n<p><b>Fuente: El Pa\u00eds Cali \u2013 Sep-23-15<\/b><\/p>\n","protected":false},"excerpt":{"rendered":"<p>La intensa ola de calor que tiene al 25 % de Cali sufriendo constantes cortes de agua, las fotograf\u00edas que muestran a los principales r\u00edos de la ciudad completamente secos y las alertas del d\u00e9ficit del l\u00edquido en los embalses de la regi\u00f3n le han dado vida al temor de[&#8230;]<\/p>\n","protected":false},"author":1,"featured_media":7446,"comment_status":"open","ping_status":"open","sticky":false,"template":"","format":"standard","meta":{"footnotes":""},"categories":[4],"tags":[],"_links":{"self":[{"href":"https:\/\/emisora.univalle.edu.co\/index.php\/wp-json\/wp\/v2\/posts\/7470"}],"collection":[{"href":"https:\/\/emisora.univalle.edu.co\/index.php\/wp-json\/wp\/v2\/posts"}],"about":[{"href":"https:\/\/emisora.univalle.edu.co\/index.php\/wp-json\/wp\/v2\/types\/post"}],"author":[{"embeddable":true,"href":"https:\/\/emisora.univalle.edu.co\/index.php\/wp-json\/wp\/v2\/users\/1"}],"replies":[{"embeddable":true,"href":"https:\/\/emisora.univalle.edu.co\/index.php\/wp-json\/wp\/v2\/comments?post=7470"}],"version-history":[{"count":1,"href":"https:\/\/emisora.univalle.edu.co\/index.php\/wp-json\/wp\/v2\/posts\/7470\/revisions"}],"predecessor-version":[{"id":7471,"href":"https:\/\/emisora.univalle.edu.co\/index.php\/wp-json\/wp\/v2\/posts\/7470\/revisions\/7471"}],"wp:featuredmedia":[{"embeddable":true,"href":"https:\/\/emisora.univalle.edu.co\/index.php\/wp-json\/wp\/v2\/media\/7446"}],"wp:attachment":[{"href":"https:\/\/emisora.univalle.edu.co\/index.php\/wp-json\/wp\/v2\/media?parent=7470"}],"wp:term":[{"taxonomy":"category","embeddable":true,"href":"https:\/\/emisora.univalle.edu.co\/index.php\/wp-json\/wp\/v2\/categories?post=7470"},{"taxonomy":"post_tag","embeddable":true,"href":"https:\/\/emisora.univalle.edu.co\/index.php\/wp-json\/wp\/v2\/tags?post=7470"}],"curies":[{"name":"wp","href":"https:\/\/api.w.org\/{rel}","templated":true}]}}