{"id":7472,"date":"2015-09-24T08:26:11","date_gmt":"2015-09-24T13:26:11","guid":{"rendered":"https:\/\/emisora.univalle.edu.co\/\/?p=7472"},"modified":"2015-09-24T10:10:11","modified_gmt":"2015-09-24T15:10:11","slug":"en-seis-meses-se-firmara-el-acuerdo-definitivo","status":"publish","type":"post","link":"https:\/\/emisora.univalle.edu.co\/index.php\/en-seis-meses-se-firmara-el-acuerdo-definitivo\/","title":{"rendered":"En seis meses se firmar\u00e1 el acuerdo definitivo"},"content":{"rendered":"<p><span style=\"line-height: 1.5em;\"><a href=\"https:\/\/emisora.univalle.edu.co\/\/wp-content\/uploads\/2015\/09\/Acuerdo-de-paz.2.jpg\" data-lightbox=\"gal[7472]\"><img loading=\"lazy\" decoding=\"async\" class=\"alignright  wp-image-7477\" alt=\"Acuerdo de paz.2\" src=\"https:\/\/emisora.univalle.edu.co\/\/wp-content\/uploads\/2015\/09\/Acuerdo-de-paz.2.jpg\" width=\"346\" height=\"227\" srcset=\"https:\/\/emisora.univalle.edu.co\/wp-content\/uploads\/2015\/09\/Acuerdo-de-paz.2.jpg 600w, https:\/\/emisora.univalle.edu.co\/wp-content\/uploads\/2015\/09\/Acuerdo-de-paz.2-300x197.jpg 300w, https:\/\/emisora.univalle.edu.co\/wp-content\/uploads\/2015\/09\/Acuerdo-de-paz.2-460x300.jpg 460w, https:\/\/emisora.univalle.edu.co\/wp-content\/uploads\/2015\/09\/Acuerdo-de-paz.2-438x287.jpg 438w\" sizes=\"(max-width: 346px) 100vw, 346px\" \/><\/a>El Presidente de la Rep\u00fablica, Juan Manuel Santos Calder\u00f3n, anunci\u00f3 este mi\u00e9rcoles en La Habana que se logr\u00f3 un acuerdo para poner fin al conflicto con las Fuerzas Armadas Revolucionarias de Colombia (Farc), que se firmar\u00e1 a m\u00e1s tardar dentro de seis meses.<\/span><\/p>\n<p>\u201cEl Jefe del Secretariado de las Farc y yo hemos acordado que a m\u00e1s tardar en seis meses deben concluir las negociaciones\u201d, manifest\u00f3 el Mandatario.<\/p>\n<p>\u201cHoy he venido a La Habana en primer lugar para anunciarles a los colombianos, pero en especial a las v\u00edctimas, que hemos logrado un acuerdo sobre las bases de un sistema de justicia que me permite decir con convicci\u00f3n que vamos a lograr el m\u00e1ximo de justicia posible para las v\u00edctimas, la m\u00e1xima satisfacci\u00f3n posible de sus derechos\u201d, declaro el Jefe de Estado.<\/p>\n<p>El Mandatario colombiano, que lleg\u00f3 esta tarde al Centro de Convenciones de la capital cubana, fue recibido por el Presidente de esa naci\u00f3n caribe\u00f1a, Ra\u00fal Castro y anunci\u00f3 el acuerdo luego de la lectura de una declaraci\u00f3n conjunta, al lado del jefe del Secretariado de las Farc, Rodrigo Londo\u00f1o Echeverri, conocido como Timole\u00f3n Jim\u00e9nez o \u2018Timochenko\u2019.<\/p>\n<p>En el acto estuvieron el Canciller cubano, Bruno Rodr\u00edguez; los miembros de los equipos negociadores de las partes, as\u00ed como delegados de Cuba y Noruega, pa\u00edses garantes, y Venezuela y Chile, pa\u00edses acompa\u00f1antes.<\/p>\n<p>\u201cY tambi\u00e9n acordamos, como se acaba de anunciar, que las Farc comenzar\u00e1n a\u00a0 dejar las armas a m\u00e1s tardar a los 60 d\u00edas de la firma del Acuerdo Final\u201d, expres\u00f3 el Presidente Santos.<\/p>\n<p>El Presidente resalt\u00f3 los logros alcanzados hoy en el proceso de negociaciones que comenz\u00f3 en noviembre de 2012.<\/p>\n<p>\u201cEsto demuestra la madurez que ha alcanzado este proceso. Desde la orilla de las instituciones, quiero reconocer y valorar el paso que hoy han dado las Farc\u201d, manifest\u00f3 y dijo que si bien son adversarios, avanzan en una misma direcci\u00f3n, que es la de la paz.<\/p>\n<p>Advirti\u00f3 que \u201ctan importante como satisfacer los derechos de las v\u00edctimas es asegurar que no haya nuevas v\u00edctimas: que se acabe definitivamente el conflicto armado en Colombia\u201d.<\/p>\n<p>El Presidente Santos se refiri\u00f3 al acuerdo logrado con el jefe de las Farc y dijo que \u201cno va a ser una tarea f\u00e1cil, porque a\u00fan faltan puntos dif\u00edciles por acordar. Pero esa es la instrucci\u00f3n que le hemos dado a nuestras delegaciones: que terminen el acuerdo lo m\u00e1s pronto posible\u201d.<\/p>\n<p><a href=\"https:\/\/emisora.univalle.edu.co\/\/wp-content\/uploads\/2015\/09\/Acuerdo-de-paz1.jpg\" data-lightbox=\"gal[7472]\"><img loading=\"lazy\" decoding=\"async\" class=\" wp-image-7479 alignleft\" alt=\"Acuerdo de paz1\" src=\"https:\/\/emisora.univalle.edu.co\/\/wp-content\/uploads\/2015\/09\/Acuerdo-de-paz1.jpg\" width=\"420\" height=\"272\" srcset=\"https:\/\/emisora.univalle.edu.co\/wp-content\/uploads\/2015\/09\/Acuerdo-de-paz1.jpg 600w, https:\/\/emisora.univalle.edu.co\/wp-content\/uploads\/2015\/09\/Acuerdo-de-paz1-300x194.jpg 300w, https:\/\/emisora.univalle.edu.co\/wp-content\/uploads\/2015\/09\/Acuerdo-de-paz1-438x283.jpg 438w\" sizes=\"(max-width: 420px) 100vw, 420px\" \/><\/a>Sostuvo que este \u201cno es cualquier acuerdo, es el fin de una guerra de 60 a\u00f1os, la m\u00e1s larga de nuestro continente, la \u00fanica de nuestro continente. Un acuerdo que debe sentar las bases de una paz que verdaderamente sea estable y duradera\u201d y \u201cun acuerdo que todos los colombianos tendr\u00e1n la oportunidad de refrendar\u201d.<\/p>\n<p>El Gobernante subray\u00f3 que \u201cla condici\u00f3n fundamental de este proceso es que tenemos que romper de una vez por todas y para siempre cualquier v\u00ednculo entre pol\u00edtica y armas. Por eso el proceso de dejaci\u00f3n de armas debe culminar a la mayor brevedad\u201d.<\/p>\n<p>Agreg\u00f3 que al Gobierno le corresponde dar todas las garant\u00edas de seguridad a las Farc y emplearse a fondo en la implementaci\u00f3n de los acuerdos, para poner en marcha las transformaciones que se han pactado: la reforma rural integral, la nueva apertura democr\u00e1tica, la soluci\u00f3n al problema de las drogas il\u00edcitas y ahora, los acuerdos sobre v\u00edctimas.<\/p>\n<p>El Presidente Santos aprovech\u00f3 la ocasi\u00f3n para agradecer el Gobierno de Cuba y al Presidente Ra\u00fal Castro \u201cpor la extraordinaria hospitalidad, y sobre todo por su incansable compromiso con la paz de Colombia\u201d.<\/p>\n<p>As\u00ed mismo, expres\u00f3 su gratitud al Gobierno de Noruega y dijo que \u201csu apoyo ha sido fundamental\u201d, as\u00ed como a Venezuela y a Chile, y al enviado especial de Estados Unidos al proceso, Bernie Aronson.<\/p>\n<p>El Presidente de la Rep\u00fablica valor\u00f3 el trabajo de la Delegaci\u00f3n del Gobierno, a los plenipotenciarios y al equipo t\u00e9cnico- por todo el trabajo que han hecho durante estos \u00faltimos tres a\u00f1os.<\/p>\n<p>\u201cSi podemos hoy anunciar que en seis meses concluir\u00e1 el proceso, es por los avances que con tanto sacrificio han logrado\u201d, dijo.<\/p>\n<p>Por \u00faltimo record\u00f3 las palabras que el pasado domingo pronunci\u00f3, precisamente en Cuba, el Papa Francisco, quien dijo: \u2018No podemos permitirnos otro fracaso m\u00e1s en este camino de paz y reconciliaci\u00f3n\u2019.<\/p>\n<p>\u201c\u00a1No vamos a fracasar! \u00a1ha llegado la hora de la paz!\u201d, concluy\u00f3 el Presidente Juan Manuel Santos.<\/p>\n<p>&nbsp;<\/p>\n<p>Fuente: Prensa presidencia de la Rep\u00fablica<\/p>\n","protected":false},"excerpt":{"rendered":"<p>El Presidente de la Rep\u00fablica, Juan Manuel Santos Calder\u00f3n, anunci\u00f3 este mi\u00e9rcoles en La Habana que se logr\u00f3 un acuerdo para poner fin al conflicto con las Fuerzas Armadas Revolucionarias de Colombia (Farc), que se firmar\u00e1 a m\u00e1s tardar dentro de seis meses. \u201cEl Jefe del Secretariado de las Farc[&#8230;]<\/p>\n","protected":false},"author":1,"featured_media":7478,"comment_status":"open","ping_status":"open","sticky":false,"template":"","format":"standard","meta":{"footnotes":""},"categories":[4],"tags":[],"_links":{"self":[{"href":"https:\/\/emisora.univalle.edu.co\/index.php\/wp-json\/wp\/v2\/posts\/7472"}],"collection":[{"href":"https:\/\/emisora.univalle.edu.co\/index.php\/wp-json\/wp\/v2\/posts"}],"about":[{"href":"https:\/\/emisora.univalle.edu.co\/index.php\/wp-json\/wp\/v2\/types\/post"}],"author":[{"embeddable":true,"href":"https:\/\/emisora.univalle.edu.co\/index.php\/wp-json\/wp\/v2\/users\/1"}],"replies":[{"embeddable":true,"href":"https:\/\/emisora.univalle.edu.co\/index.php\/wp-json\/wp\/v2\/comments?post=7472"}],"version-history":[{"count":3,"href":"https:\/\/emisora.univalle.edu.co\/index.php\/wp-json\/wp\/v2\/posts\/7472\/revisions"}],"predecessor-version":[{"id":7485,"href":"https:\/\/emisora.univalle.edu.co\/index.php\/wp-json\/wp\/v2\/posts\/7472\/revisions\/7485"}],"wp:featuredmedia":[{"embeddable":true,"href":"https:\/\/emisora.univalle.edu.co\/index.php\/wp-json\/wp\/v2\/media\/7478"}],"wp:attachment":[{"href":"https:\/\/emisora.univalle.edu.co\/index.php\/wp-json\/wp\/v2\/media?parent=7472"}],"wp:term":[{"taxonomy":"category","embeddable":true,"href":"https:\/\/emisora.univalle.edu.co\/index.php\/wp-json\/wp\/v2\/categories?post=7472"},{"taxonomy":"post_tag","embeddable":true,"href":"https:\/\/emisora.univalle.edu.co\/index.php\/wp-json\/wp\/v2\/tags?post=7472"}],"curies":[{"name":"wp","href":"https:\/\/api.w.org\/{rel}","templated":true}]}}