{"id":7493,"date":"2015-09-24T14:02:12","date_gmt":"2015-09-24T19:02:12","guid":{"rendered":"https:\/\/emisora.univalle.edu.co\/\/?p=7493"},"modified":"2015-09-24T14:02:12","modified_gmt":"2015-09-24T19:02:12","slug":"desde-narino-ministra-de-educacion-lanza-programa-de-becas-para-tutores-de-todos-aprender","status":"publish","type":"post","link":"https:\/\/emisora.univalle.edu.co\/index.php\/desde-narino-ministra-de-educacion-lanza-programa-de-becas-para-tutores-de-todos-aprender\/","title":{"rendered":"Desde Nari\u00f1o, Ministra de Educaci\u00f3n lanza programa de becas para tutores de Todos a Aprender"},"content":{"rendered":"<p><span style=\"line-height: 1.5em;\">Como un compromiso con los tutores y tutoras que d\u00eda a d\u00eda dan lo mejor de s\u00ed para llegar a las instituciones educativas focalizadas por el Programa Todos a Aprender y realizar el acompa\u00f1amiento a docentes y estudiantes, calific\u00f3 la Ministra de Educaci\u00f3n, Gina Parody, el anuncio de que a partir de hoy se crear\u00e1 una l\u00ednea exclusiva dentro de las Becas a la Excelencia Docente para que ellos puedan adelantar sus estudios de maestr\u00eda en una instituci\u00f3n de educaci\u00f3n superior acreditada en alta calidad.<\/span><\/p>\n<p>La noticia fue dada por la Ministra Parody en el marco de su visita a San Juan de Pasto, donde se reuni\u00f3 con los 94 tutores y 6 formadores del Programa Todos a Aprender 2.0 que acompa\u00f1an las pr\u00e1cticas de aula de m\u00e1s de 340 sedes educativas en todo el departamento de Nari\u00f1o; y adem\u00e1s aprovech\u00f3 para agradecerles por su labor en la formaci\u00f3n y mejoramiento de las estrategias pedag\u00f3gicas y el desempe\u00f1o de los estudiantes de primaria que se ha visto reflejado en los resultados en las Pruebas Saber.<\/p>\n<p>\u00abUstedes son los pioneros del Programa Todos a Aprender al recibir este tipo de est\u00edmulos pues nunca antes desde su creaci\u00f3n se hab\u00eda podido concretar este tipo de incentivo por parte del Ministerio de Educaci\u00f3n Nacional. Este es un reconocimiento a la labor y al compromiso que ustedes desarrollan d\u00eda a d\u00eda en los colegios que acompa\u00f1an y gracias al cual estamos construyendo juntos la nueva generaci\u00f3n de la paz\u00bb, expres\u00f3 la Ministra al anunciarles la l\u00ednea especial de becas docente a los miembros del Programa Todos a Aprender.<\/p>\n<p>El Programa de Becas para la Excelencia Docente es una iniciativa del Ministerio de Educaci\u00f3n Nacional que consiste en otorgar cr\u00e9ditos beca, condonables al 100%, para fortalecer acad\u00e9micamente a los colegios y cualificar el desempe\u00f1o de los docentes, a trav\u00e9s del desarrollo de programas de maestr\u00edas en universidades con acreditaci\u00f3n de alta calidad del pa\u00eds. A la fecha el programa de Becas de Excelencia Docente cuenta con 1.500 beneficiarios en todo el pa\u00eds, para el 31 de diciembre la meta es beneficiar a 3.000 docentes y para el 2016 a 5.000 docentes.<\/p>\n<p>\u00abQuiero animarlos a que hagan parte de la nueva cohorte de beneficiarios de becas que iniciar\u00e1 en el mes de febrero del a\u00f1o entrante; un segundo grupo de tutores y tutoras podr\u00e1n acceder a las becas en el mes de agosto de 2016, y esperamos que cerca de 1.000 tutores, el 25% de ustedes, se beneficien del Programa en los pr\u00f3ximos a\u00f1os\u00bb, puntualiz\u00f3 la titular de la Cartera Educativa.<\/p>\n<p><span style=\"line-height: 1.5em;\">Fuente Comunicaciones MinEducaci\u00f3n<\/span><\/p>\n","protected":false},"excerpt":{"rendered":"<p>Como un compromiso con los tutores y tutoras que d\u00eda a d\u00eda dan lo mejor de s\u00ed para llegar a las instituciones educativas focalizadas por el Programa Todos a Aprender y realizar el acompa\u00f1amiento a docentes y estudiantes, calific\u00f3 la Ministra de Educaci\u00f3n, Gina Parody, el anuncio de que a[&#8230;]<\/p>\n","protected":false},"author":1,"featured_media":7495,"comment_status":"open","ping_status":"open","sticky":false,"template":"","format":"standard","meta":{"footnotes":""},"categories":[4],"tags":[],"_links":{"self":[{"href":"https:\/\/emisora.univalle.edu.co\/index.php\/wp-json\/wp\/v2\/posts\/7493"}],"collection":[{"href":"https:\/\/emisora.univalle.edu.co\/index.php\/wp-json\/wp\/v2\/posts"}],"about":[{"href":"https:\/\/emisora.univalle.edu.co\/index.php\/wp-json\/wp\/v2\/types\/post"}],"author":[{"embeddable":true,"href":"https:\/\/emisora.univalle.edu.co\/index.php\/wp-json\/wp\/v2\/users\/1"}],"replies":[{"embeddable":true,"href":"https:\/\/emisora.univalle.edu.co\/index.php\/wp-json\/wp\/v2\/comments?post=7493"}],"version-history":[{"count":1,"href":"https:\/\/emisora.univalle.edu.co\/index.php\/wp-json\/wp\/v2\/posts\/7493\/revisions"}],"predecessor-version":[{"id":7497,"href":"https:\/\/emisora.univalle.edu.co\/index.php\/wp-json\/wp\/v2\/posts\/7493\/revisions\/7497"}],"wp:featuredmedia":[{"embeddable":true,"href":"https:\/\/emisora.univalle.edu.co\/index.php\/wp-json\/wp\/v2\/media\/7495"}],"wp:attachment":[{"href":"https:\/\/emisora.univalle.edu.co\/index.php\/wp-json\/wp\/v2\/media?parent=7493"}],"wp:term":[{"taxonomy":"category","embeddable":true,"href":"https:\/\/emisora.univalle.edu.co\/index.php\/wp-json\/wp\/v2\/categories?post=7493"},{"taxonomy":"post_tag","embeddable":true,"href":"https:\/\/emisora.univalle.edu.co\/index.php\/wp-json\/wp\/v2\/tags?post=7493"}],"curies":[{"name":"wp","href":"https:\/\/api.w.org\/{rel}","templated":true}]}}