{"id":7500,"date":"2015-09-24T14:05:01","date_gmt":"2015-09-24T19:05:01","guid":{"rendered":"https:\/\/emisora.univalle.edu.co\/\/?p=7500"},"modified":"2015-09-24T14:05:01","modified_gmt":"2015-09-24T19:05:01","slug":"inciva-invita-ver-la-luna-roja-del-27-de-septiembre-el-parque-natural-regional-el-vinculo-en-buga","status":"publish","type":"post","link":"https:\/\/emisora.univalle.edu.co\/index.php\/inciva-invita-ver-la-luna-roja-del-27-de-septiembre-el-parque-natural-regional-el-vinculo-en-buga\/","title":{"rendered":"Inciva invita a ver la Luna Roja del 27 de septiembre el Parque Natural Regional El V\u00ednculo en Buga"},"content":{"rendered":"<p><span style=\"line-height: 1.5em;\">M\u00e1s\u00a0 de\u00a0 media\u00a0 humanidad\u00a0 se\u00a0 prepara para\u00a0 contemplar\u00a0 el\u00a0 27\u00a0 de\u00a0 este\u00a0 mes\u00a0 un hermoso espect\u00e1culo celeste: la Luna se vestir\u00e1\u00a0 de\u00a0 rojo\u00a0 y\u00a0 exhibir\u00e1\u00a0 un\u00a0 traje\u00a0 de sangre\u00a0 y\u00a0 fuego\u00a0 con\u00a0 el\u00a0 que\u00a0 se\u00a0 pasear\u00e1 por\u00a0 m\u00e1s\u00a0 de\u00a0 tres\u00a0 horas\u00a0 por\u00a0 la\u00a0 esfera celeste,\u00a0 para\u00a0 deleite\u00a0 de\u00a0 millones\u00a0 de adultos,\u00a0 j\u00f3venes\u00a0 y\u00a0 ni\u00f1os\u00a0 en\u00a0 cuatro continentes\u00a0 que\u00a0 esa\u00a0 noche\u00a0 observar\u00e1n este emotivo evento.<\/span><\/p>\n<p>INCIVA invita a los vallecaucanos a observar la Luna Roja que originar\u00e1 el eclipse del pr\u00f3ximo domingo 27 de septiembre en el mirador del Parque Natural Regional El V\u00ednculo en Buga, en donde se podr\u00e1 apreciar en todo su esplendor este fen\u00f3meno que ocurre cuando\u00a0 la\u00a0 Tierra\u00a0 se interpone\u00a0 entre\u00a0 el\u00a0 Sol\u00a0 y\u00a0 la\u00a0 Luna.<\/p>\n<p>Jorge Carlos Figueroa Ortiz, Director del INCIVA inform\u00f3 que con\u00a0 el\u00a0 \u00e1nimo\u00a0 de\u00a0 compartir\u00a0 con\u00a0 el\u00a0 p\u00fablico\u00a0 este\u00a0 evento\u00a0 celeste,\u00a0 Astronom\u00eda Did\u00e1ctica, la\u00a0 Escuela\u00a0 de\u00a0 Astronom\u00eda\u00a0 de\u00a0 Cali\u00a0 e\u00a0 INCIVA\u00a0 se\u00a0 han\u00a0 unido\u00a0 para organizar un interesante programa astron\u00f3mico, cultural y recreativo\u00a0 en el mirador del Parque Natural Regional el V\u00ednculo en Buga, en donde se cuenta con condiciones ideales para la observaci\u00f3n del firmamento por estar alejado de los sitios con mucha emisi\u00f3n de luz el\u00e9ctrica.<\/p>\n<p>La observaci\u00f3n del eclipse estar\u00e1 orientada por astr\u00f3nomos aficionados de la Escuela de Astronom\u00eda de Cali, dirigidos por Marino Guar\u00edn como experto en el tema.<\/p>\n<p>La organizaci\u00f3n del evento ha previsto observaci\u00f3n a trav\u00e9s de telescopio, conferencia y taller, material acad\u00e9mico y de apoyo, acompa\u00f1amiento musical, refrigerio y transporte opcional para los interesados en participar.<\/p>\n<p>El evento se realizar\u00e1 entre las 6 de la tarde y las 10:30 de la noche.\u00a0 Para las personas interesadas en usar el transporte del evento habr\u00e1 un bus que sale del Museo de Ciencias Naturales Federico Carlos Lehmann a las 3:30 pm y sale del Parque Natural Regional El V\u00ednculo al finalizar el evento. La Biblioteca Departamental tambi\u00e9n tiene programado el observatorio en la Manzana del Saber para ni\u00f1os y adultos.<\/p>\n<p>Para mayores informes y reservas comunicarse a los tel\u00e9fonos 3175315356 o al 3127095831.<\/p>\n<p>Comunicaciones Gobernaci\u00f3n<\/p>\n","protected":false},"excerpt":{"rendered":"<p>M\u00e1s\u00a0 de\u00a0 media\u00a0 humanidad\u00a0 se\u00a0 prepara para\u00a0 contemplar\u00a0 el\u00a0 27\u00a0 de\u00a0 este\u00a0 mes\u00a0 un hermoso espect\u00e1culo celeste: la Luna se vestir\u00e1\u00a0 de\u00a0 rojo\u00a0 y\u00a0 exhibir\u00e1\u00a0 un\u00a0 traje\u00a0 de sangre\u00a0 y\u00a0 fuego\u00a0 con\u00a0 el\u00a0 que\u00a0 se\u00a0 pasear\u00e1 por\u00a0 m\u00e1s\u00a0 de\u00a0 tres\u00a0 horas\u00a0 por\u00a0 la\u00a0 esfera celeste,\u00a0 para\u00a0 deleite\u00a0 de\u00a0 millones\u00a0 de[&#8230;]<\/p>\n","protected":false},"author":1,"featured_media":7480,"comment_status":"open","ping_status":"open","sticky":false,"template":"","format":"standard","meta":{"footnotes":""},"categories":[4],"tags":[],"_links":{"self":[{"href":"https:\/\/emisora.univalle.edu.co\/index.php\/wp-json\/wp\/v2\/posts\/7500"}],"collection":[{"href":"https:\/\/emisora.univalle.edu.co\/index.php\/wp-json\/wp\/v2\/posts"}],"about":[{"href":"https:\/\/emisora.univalle.edu.co\/index.php\/wp-json\/wp\/v2\/types\/post"}],"author":[{"embeddable":true,"href":"https:\/\/emisora.univalle.edu.co\/index.php\/wp-json\/wp\/v2\/users\/1"}],"replies":[{"embeddable":true,"href":"https:\/\/emisora.univalle.edu.co\/index.php\/wp-json\/wp\/v2\/comments?post=7500"}],"version-history":[{"count":1,"href":"https:\/\/emisora.univalle.edu.co\/index.php\/wp-json\/wp\/v2\/posts\/7500\/revisions"}],"predecessor-version":[{"id":7501,"href":"https:\/\/emisora.univalle.edu.co\/index.php\/wp-json\/wp\/v2\/posts\/7500\/revisions\/7501"}],"wp:featuredmedia":[{"embeddable":true,"href":"https:\/\/emisora.univalle.edu.co\/index.php\/wp-json\/wp\/v2\/media\/7480"}],"wp:attachment":[{"href":"https:\/\/emisora.univalle.edu.co\/index.php\/wp-json\/wp\/v2\/media?parent=7500"}],"wp:term":[{"taxonomy":"category","embeddable":true,"href":"https:\/\/emisora.univalle.edu.co\/index.php\/wp-json\/wp\/v2\/categories?post=7500"},{"taxonomy":"post_tag","embeddable":true,"href":"https:\/\/emisora.univalle.edu.co\/index.php\/wp-json\/wp\/v2\/tags?post=7500"}],"curies":[{"name":"wp","href":"https:\/\/api.w.org\/{rel}","templated":true}]}}