{"id":7502,"date":"2015-09-24T14:05:55","date_gmt":"2015-09-24T19:05:55","guid":{"rendered":"https:\/\/emisora.univalle.edu.co\/\/?p=7502"},"modified":"2015-09-24T14:05:55","modified_gmt":"2015-09-24T19:05:55","slug":"mundial-de-salsa-ofrecera-al-publico-un-escenario-de-360-grados","status":"publish","type":"post","link":"https:\/\/emisora.univalle.edu.co\/index.php\/mundial-de-salsa-ofrecera-al-publico-un-escenario-de-360-grados\/","title":{"rendered":"Mundial de Salsa ofrecer\u00e1 al p\u00fablico un escenario de 360 grados"},"content":{"rendered":"<p><span style=\"line-height: 1.5em;\">Por primera vez, los asistentes al Festival Mundial de Salsa que se ubiquen en cualquier lugar de la Plaza de Toros Ca\u00f1averalejo, podr\u00e1n disfrutar a plenitud el espect\u00e1culo de orquestas y de baile que all\u00ed se presente, pues contar\u00e1 con un escenario \u2018360 grados\u2019.<\/span><\/p>\n<p>Este es un esfuerzo que realiza la Secretar\u00eda de Cultura y Turismo, para que quienes asisten\u00a0 a las competencias de baile puedan apreciar en toda su vistosidad las figuras, pasos, alzadas y dem\u00e1s elementos coreogr\u00e1ficos que se realizan.<\/p>\n<p>Para lograr este tipo de escenario, que deslumbrar\u00e1 por su vistosidad y majestuosidad, se utilizar\u00e1n 230 m\u00e1quinas para iluminaci\u00f3n, en su mayor\u00eda rob\u00f3ticas con tecnolog\u00eda LED desarrollada por la BMW Motorrad, para lo cual ser\u00e1 necesaria la participaci\u00f3n de 27 personas en cuatro d\u00edas de labor.<\/p>\n<p>En el coso de Ca\u00f1averalejo se ubicar\u00e1 un circuito de pantallas LED y un sofisticado sistema de audio, similar al utilizado en los pasados Juegos Mundiales.<\/p>\n<p>Empero, las bondades de este escenario son mayores: la ubicaci\u00f3n en el centro de la Plaza de Toros se convertir\u00e1 en un reto para los bailarines, puesto que con la ubicaci\u00f3n anterior, ellos bailaban solo en un sentido, en vista de que ten\u00edan de frente a los espectadores.<\/p>\n<p>En esta ocasi\u00f3n, a la hora de preparar sus coreograf\u00edas, deber\u00e1n tener en cuenta que el p\u00fablico estar\u00e1 observ\u00e1ndolos desde distintos frentes, como se acostumbra en espect\u00e1culos de baile deportivo.<\/p>\n<p>\u201cEste era un anhelo de la secretaria de Cultura y Turismo, Mar\u00eda Helena Qui\u00f1\u00f3nez, dice Adriana Chamorro,\u00a0 la coordinadora del Festival, ya que hemos considerado que el p\u00fablico de Cali, los visitantes y la calidad de los participantes amerita que el evento ofrezca las mejores posibilidades, no solo para los bailarines que compiten por los primeros lugares, sino tambi\u00e9n para el p\u00fablico, la parte m\u00e1s importante de este certamen\u201d.<\/p>\n<p>Por ello se ha generado gran expectativa entre el p\u00fablico cale\u00f1o, por estrenar esta propuesta en la que definitivamente salen ganando los asistentes y los participantes, pues ser\u00e1n vistos en todo detalle desde las distintas localidades que ocupen los espectadores.<\/p>\n<p>Fuente: Comunicaciones Alcald\u00eda y Secretar\u00eda de Cultura<\/p>\n","protected":false},"excerpt":{"rendered":"<p>Por primera vez, los asistentes al Festival Mundial de Salsa que se ubiquen en cualquier lugar de la Plaza de Toros Ca\u00f1averalejo, podr\u00e1n disfrutar a plenitud el espect\u00e1culo de orquestas y de baile que all\u00ed se presente, pues contar\u00e1 con un escenario \u2018360 grados\u2019. Este es un esfuerzo que realiza[&#8230;]<\/p>\n","protected":false},"author":1,"featured_media":7481,"comment_status":"open","ping_status":"open","sticky":false,"template":"","format":"standard","meta":{"footnotes":""},"categories":[4],"tags":[],"_links":{"self":[{"href":"https:\/\/emisora.univalle.edu.co\/index.php\/wp-json\/wp\/v2\/posts\/7502"}],"collection":[{"href":"https:\/\/emisora.univalle.edu.co\/index.php\/wp-json\/wp\/v2\/posts"}],"about":[{"href":"https:\/\/emisora.univalle.edu.co\/index.php\/wp-json\/wp\/v2\/types\/post"}],"author":[{"embeddable":true,"href":"https:\/\/emisora.univalle.edu.co\/index.php\/wp-json\/wp\/v2\/users\/1"}],"replies":[{"embeddable":true,"href":"https:\/\/emisora.univalle.edu.co\/index.php\/wp-json\/wp\/v2\/comments?post=7502"}],"version-history":[{"count":1,"href":"https:\/\/emisora.univalle.edu.co\/index.php\/wp-json\/wp\/v2\/posts\/7502\/revisions"}],"predecessor-version":[{"id":7503,"href":"https:\/\/emisora.univalle.edu.co\/index.php\/wp-json\/wp\/v2\/posts\/7502\/revisions\/7503"}],"wp:featuredmedia":[{"embeddable":true,"href":"https:\/\/emisora.univalle.edu.co\/index.php\/wp-json\/wp\/v2\/media\/7481"}],"wp:attachment":[{"href":"https:\/\/emisora.univalle.edu.co\/index.php\/wp-json\/wp\/v2\/media?parent=7502"}],"wp:term":[{"taxonomy":"category","embeddable":true,"href":"https:\/\/emisora.univalle.edu.co\/index.php\/wp-json\/wp\/v2\/categories?post=7502"},{"taxonomy":"post_tag","embeddable":true,"href":"https:\/\/emisora.univalle.edu.co\/index.php\/wp-json\/wp\/v2\/tags?post=7502"}],"curies":[{"name":"wp","href":"https:\/\/api.w.org\/{rel}","templated":true}]}}