{"id":7504,"date":"2015-09-24T14:07:28","date_gmt":"2015-09-24T19:07:28","guid":{"rendered":"https:\/\/emisora.univalle.edu.co\/\/?p=7504"},"modified":"2015-09-24T14:07:28","modified_gmt":"2015-09-24T19:07:28","slug":"seminario-de-cine-colombiano-en-la-cinemateca-de-univalle","status":"publish","type":"post","link":"https:\/\/emisora.univalle.edu.co\/index.php\/seminario-de-cine-colombiano-en-la-cinemateca-de-univalle\/","title":{"rendered":"Seminario de Cine Colombiano en la Cinemateca de Univalle"},"content":{"rendered":"<p><span style=\"line-height: 1.5em;\"><a href=\"https:\/\/emisora.univalle.edu.co\/\/wp-content\/uploads\/2015\/09\/Seminario-de-Cine-Colombiano.jpg\" data-lightbox=\"gal[7504]\"><img loading=\"lazy\" decoding=\"async\" class=\"alignright  wp-image-7490\" alt=\"Seminario de Cine Colombiano\" src=\"https:\/\/emisora.univalle.edu.co\/\/wp-content\/uploads\/2015\/09\/Seminario-de-Cine-Colombiano.jpg\" width=\"320\" height=\"494\" srcset=\"https:\/\/emisora.univalle.edu.co\/wp-content\/uploads\/2015\/09\/Seminario-de-Cine-Colombiano.jpg 400w, https:\/\/emisora.univalle.edu.co\/wp-content\/uploads\/2015\/09\/Seminario-de-Cine-Colombiano-194x300.jpg 194w\" sizes=\"(max-width: 320px) 100vw, 320px\" \/><\/a>Septiembre es el mes del cine colombiano en la Cinemateca de la Facultad de Artes Integradas. La programaci\u00f3n, que incluye documentales, pel\u00edculas de ficci\u00f3n\u00a0 y conversatorios con directores, finaliza con la realizaci\u00f3n del \u201cSeminario de cr\u00edtica y an\u00e1lisis de cine colombiano\u201d, del 26 de septiembre al 2 de octubre.<\/span><\/p>\n<p>La Cinemateca abre este Seminario para el an\u00e1lisis y la cr\u00edtica del cine nacional a la luz de las diversas \u00e1reas que la Universidad del Valle re\u00fane y que permiten ver y pensar desde diferentes \u00f3pticas el cine como canal de discursos e imaginarios.<\/p>\n<p>En el seminario participar\u00e1n docentes, egresados y estudiantes de las facultades de Humanidades, Ciencias Sociales y Econ\u00f3micas, Artes Integradas e Ingenier\u00eda presentando un an\u00e1lisis del cine colombiano desde sus disciplinas.<\/p>\n<p>Como invitada se encuentra Juana Su\u00e1rez, doctora en Literatura Latinoamericana y Mag\u00edster en Literatura Hispanoamericana y en Archivo y Preservaci\u00f3n de la Imagen en Movimiento de la Universidad de Nueva York. Juana Suarez dictar\u00e1 el taller \u2018Herramientas de investigaci\u00f3n sobre cine colombiano\u2019 el s\u00e1bado 26 de septiembre; en este se presentar\u00e1n 3 modelos de acercamientos a estudios al cine colombiano: el primero tiene que ver con la organizaci\u00f3n cronol\u00f3gica dominante, el segundo con la discusi\u00f3n canon\/anti-canon y el tercero con la organizaci\u00f3n a partir de temas y motivos recurrentes.<\/p>\n<p>Informes: P\u00e1gina web de la Cinemateca<\/p>\n<p>Fuente: Agencia de Noticias Univalle<\/p>\n","protected":false},"excerpt":{"rendered":"<p>Septiembre es el mes del cine colombiano en la Cinemateca de la Facultad de Artes Integradas. La programaci\u00f3n, que incluye documentales, pel\u00edculas de ficci\u00f3n\u00a0 y conversatorios con directores, finaliza con la realizaci\u00f3n del \u201cSeminario de cr\u00edtica y an\u00e1lisis de cine colombiano\u201d, del 26 de septiembre al 2 de octubre. La[&#8230;]<\/p>\n","protected":false},"author":1,"featured_media":7496,"comment_status":"open","ping_status":"open","sticky":false,"template":"","format":"standard","meta":{"footnotes":""},"categories":[4],"tags":[],"_links":{"self":[{"href":"https:\/\/emisora.univalle.edu.co\/index.php\/wp-json\/wp\/v2\/posts\/7504"}],"collection":[{"href":"https:\/\/emisora.univalle.edu.co\/index.php\/wp-json\/wp\/v2\/posts"}],"about":[{"href":"https:\/\/emisora.univalle.edu.co\/index.php\/wp-json\/wp\/v2\/types\/post"}],"author":[{"embeddable":true,"href":"https:\/\/emisora.univalle.edu.co\/index.php\/wp-json\/wp\/v2\/users\/1"}],"replies":[{"embeddable":true,"href":"https:\/\/emisora.univalle.edu.co\/index.php\/wp-json\/wp\/v2\/comments?post=7504"}],"version-history":[{"count":1,"href":"https:\/\/emisora.univalle.edu.co\/index.php\/wp-json\/wp\/v2\/posts\/7504\/revisions"}],"predecessor-version":[{"id":7505,"href":"https:\/\/emisora.univalle.edu.co\/index.php\/wp-json\/wp\/v2\/posts\/7504\/revisions\/7505"}],"wp:featuredmedia":[{"embeddable":true,"href":"https:\/\/emisora.univalle.edu.co\/index.php\/wp-json\/wp\/v2\/media\/7496"}],"wp:attachment":[{"href":"https:\/\/emisora.univalle.edu.co\/index.php\/wp-json\/wp\/v2\/media?parent=7504"}],"wp:term":[{"taxonomy":"category","embeddable":true,"href":"https:\/\/emisora.univalle.edu.co\/index.php\/wp-json\/wp\/v2\/categories?post=7504"},{"taxonomy":"post_tag","embeddable":true,"href":"https:\/\/emisora.univalle.edu.co\/index.php\/wp-json\/wp\/v2\/tags?post=7504"}],"curies":[{"name":"wp","href":"https:\/\/api.w.org\/{rel}","templated":true}]}}