{"id":7506,"date":"2015-09-24T14:08:29","date_gmt":"2015-09-24T19:08:29","guid":{"rendered":"https:\/\/emisora.univalle.edu.co\/\/?p=7506"},"modified":"2015-09-24T14:08:29","modified_gmt":"2015-09-24T19:08:29","slug":"contraloria-general-visito-avances-del-parque-lineal-en-calima-el-darien","status":"publish","type":"post","link":"https:\/\/emisora.univalle.edu.co\/index.php\/contraloria-general-visito-avances-del-parque-lineal-en-calima-el-darien\/","title":{"rendered":"Contralor\u00eda General visit\u00f3 avances del Parque Lineal en Calima-El Dari\u00e9n"},"content":{"rendered":"<p><span style=\"line-height: 1.5em;\">Las obras del parque lineal que se adelantan en el municipio de Calima-El Dari\u00e9n y lidera la secretar\u00eda de vivienda del departamento, recibi\u00f3 una auditor\u00eda por parte de la Contralor\u00eda General de la Rep\u00fablica para verificar el estado actual de la construcci\u00f3n que se financia con recursos del Sistema General de Regal\u00edas.<\/span><\/p>\n<p>Juli\u00e1n Henao, sub secretario de vivienda y h\u00e1bitat del Valle del Cauca, dijo que \u201cen esta visita la Contralor\u00eda verific\u00f3 la inversi\u00f3n de los recursos de Regal\u00edas que se llevan a cabo en el municipio y constataron el avance de la misma, esperamos que en la segunda semana del mes de diciembre esta mega obra que estimamos sea la m\u00e1s bonita que se construye en el pa\u00eds con recursos de regal\u00edas, pueda estar a gozo y beneficio de la comunidad del municipio y del pa\u00eds\u201d.<\/p>\n<p>La administraci\u00f3n departamental ha recalcado que el Parque Lineal de Calima-El Dari\u00e9n va a catapultar el turismo de la regi\u00f3n y posicionar\u00e1 al municipio como un destino por excelencia.<\/p>\n<p>\u201cEsta es una obra que supera los 10.000 millones de pesos a trav\u00e9s de regal\u00edas y que esperamos catapulte a Calima como un destino al que todo colombiano desee ir. Esta construcci\u00f3n va a tener parqueaderos, plazoletas, 4 puentes colgantes y todos los espacios para recreaci\u00f3n y sanos h\u00e1bitos para la juventud y comunidad vallecaucana en general\u201d, a\u00f1adi\u00f3 Henao.<\/p>\n<p>El Gobernador de los vallecaucanos Ubeimar Delgado Bland\u00f3n ha reconocido en repetidas ocasiones la importancia que tiene esta mega obra para el departamento, la cual no solo mejorar\u00e1 el estilo de vida del municipio sino que aumentar\u00e1 el turismo en la regi\u00f3n.<\/p>\n<p>Fuente: Comunicaciones Gobernaci\u00f3n<\/p>\n","protected":false},"excerpt":{"rendered":"<p>Las obras del parque lineal que se adelantan en el municipio de Calima-El Dari\u00e9n y lidera la secretar\u00eda de vivienda del departamento, recibi\u00f3 una auditor\u00eda por parte de la Contralor\u00eda General de la Rep\u00fablica para verificar el estado actual de la construcci\u00f3n que se financia con recursos del Sistema General[&#8230;]<\/p>\n","protected":false},"author":1,"featured_media":7482,"comment_status":"open","ping_status":"open","sticky":false,"template":"","format":"standard","meta":{"footnotes":""},"categories":[4],"tags":[],"_links":{"self":[{"href":"https:\/\/emisora.univalle.edu.co\/index.php\/wp-json\/wp\/v2\/posts\/7506"}],"collection":[{"href":"https:\/\/emisora.univalle.edu.co\/index.php\/wp-json\/wp\/v2\/posts"}],"about":[{"href":"https:\/\/emisora.univalle.edu.co\/index.php\/wp-json\/wp\/v2\/types\/post"}],"author":[{"embeddable":true,"href":"https:\/\/emisora.univalle.edu.co\/index.php\/wp-json\/wp\/v2\/users\/1"}],"replies":[{"embeddable":true,"href":"https:\/\/emisora.univalle.edu.co\/index.php\/wp-json\/wp\/v2\/comments?post=7506"}],"version-history":[{"count":1,"href":"https:\/\/emisora.univalle.edu.co\/index.php\/wp-json\/wp\/v2\/posts\/7506\/revisions"}],"predecessor-version":[{"id":7507,"href":"https:\/\/emisora.univalle.edu.co\/index.php\/wp-json\/wp\/v2\/posts\/7506\/revisions\/7507"}],"wp:featuredmedia":[{"embeddable":true,"href":"https:\/\/emisora.univalle.edu.co\/index.php\/wp-json\/wp\/v2\/media\/7482"}],"wp:attachment":[{"href":"https:\/\/emisora.univalle.edu.co\/index.php\/wp-json\/wp\/v2\/media?parent=7506"}],"wp:term":[{"taxonomy":"category","embeddable":true,"href":"https:\/\/emisora.univalle.edu.co\/index.php\/wp-json\/wp\/v2\/categories?post=7506"},{"taxonomy":"post_tag","embeddable":true,"href":"https:\/\/emisora.univalle.edu.co\/index.php\/wp-json\/wp\/v2\/tags?post=7506"}],"curies":[{"name":"wp","href":"https:\/\/api.w.org\/{rel}","templated":true}]}}