{"id":7510,"date":"2015-09-24T14:10:15","date_gmt":"2015-09-24T19:10:15","guid":{"rendered":"https:\/\/emisora.univalle.edu.co\/\/?p=7510"},"modified":"2015-09-24T14:10:15","modified_gmt":"2015-09-24T19:10:15","slug":"santiago-gamboa-en-viernes-de-letras","status":"publish","type":"post","link":"https:\/\/emisora.univalle.edu.co\/index.php\/santiago-gamboa-en-viernes-de-letras\/","title":{"rendered":"Santiago Gamboa en Viernes de letras"},"content":{"rendered":"<p><span style=\"line-height: 1.5em;\">El escritor y periodista Santiago Gamboa estar\u00e1 en un conversatorio sobre su obra, este viernes 25 de septiembre a las 6:00 p.m., en el Auditorio \u00c1ngel Zapata, Biblioteca Mario Carvajal, Universidad del Valle, Mel\u00e9ndez.<\/span><\/p>\n<p>Este conversatorio hace parte de la programaci\u00f3n de los \u201cViernes de letras\u201d, que coordina la Escuela de Estudios Literarios.<\/p>\n<p>Santiago Gamboa es escritor, ensayista y periodista; estudi\u00f3 Literatura en la Universidad Javeriana de Bogot\u00e1 y Literatura Cubana en La Sorbona de Par\u00eds; es Licenciado en Filolog\u00eda Hisp\u00e1nica en la Universidad Complutense de Madrid. Durante su estad\u00eda en Francia se desempe\u00f1\u00f3 como periodista cultural en la RFI (Radio Francia Internacional) y como corresponsal del peri\u00f3dico colombiano El Tiempo; ha sido columnista de Cromos, Cambio y El Espectador. Tambi\u00e9n desarroll\u00f3 labor diplom\u00e1tica en la UNESCO y en la Embajada de la India.<\/p>\n<p>Ha publicado P\u00e1ginas de vuelta (1995), Perder es cuesti\u00f3n de m\u00e9todo (1997), Vida feliz de un joven llamado Esteban (2000), Los impostores (2001), Octubre en Pek\u00edn (2002), El s\u00edndrome de Ulises (2005), Hotel Pek\u00edn (2008), Necr\u00f3polis (2009), Plegarias nocturnas (2012), Oc\u00e9anos de arena: diario de viaje por Oriente Medio (2013), Una casa en Bogot\u00e1 (2014), La guerra y la paz (2014).<\/p>\n<p>En 2009 recibi\u00f3 el Premio La Otra Orilla y en 2014 el Coup de Coeur.<\/p>\n<p>\u201cViernes de Letras\u201d es un ciclo de conferencias coordinado por la Escuela de Estudios Literarios, con el apoyo del \u00c1rea Cultural de la Divisi\u00f3n de Bibliotecas, en el que se busca que reconocidos autores y acad\u00e9micos reflexionen y establezcan un debate alrededor sobre la literatura.<\/p>\n<p>Fuente: Agencia de Noticias Univalle<\/p>\n","protected":false},"excerpt":{"rendered":"<p>El escritor y periodista Santiago Gamboa estar\u00e1 en un conversatorio sobre su obra, este viernes 25 de septiembre a las 6:00 p.m., en el Auditorio \u00c1ngel Zapata, Biblioteca Mario Carvajal, Universidad del Valle, Mel\u00e9ndez. Este conversatorio hace parte de la programaci\u00f3n de los \u201cViernes de letras\u201d, que coordina la Escuela[&#8230;]<\/p>\n","protected":false},"author":1,"featured_media":7491,"comment_status":"open","ping_status":"open","sticky":false,"template":"","format":"standard","meta":{"footnotes":""},"categories":[4],"tags":[],"_links":{"self":[{"href":"https:\/\/emisora.univalle.edu.co\/index.php\/wp-json\/wp\/v2\/posts\/7510"}],"collection":[{"href":"https:\/\/emisora.univalle.edu.co\/index.php\/wp-json\/wp\/v2\/posts"}],"about":[{"href":"https:\/\/emisora.univalle.edu.co\/index.php\/wp-json\/wp\/v2\/types\/post"}],"author":[{"embeddable":true,"href":"https:\/\/emisora.univalle.edu.co\/index.php\/wp-json\/wp\/v2\/users\/1"}],"replies":[{"embeddable":true,"href":"https:\/\/emisora.univalle.edu.co\/index.php\/wp-json\/wp\/v2\/comments?post=7510"}],"version-history":[{"count":1,"href":"https:\/\/emisora.univalle.edu.co\/index.php\/wp-json\/wp\/v2\/posts\/7510\/revisions"}],"predecessor-version":[{"id":7511,"href":"https:\/\/emisora.univalle.edu.co\/index.php\/wp-json\/wp\/v2\/posts\/7510\/revisions\/7511"}],"wp:featuredmedia":[{"embeddable":true,"href":"https:\/\/emisora.univalle.edu.co\/index.php\/wp-json\/wp\/v2\/media\/7491"}],"wp:attachment":[{"href":"https:\/\/emisora.univalle.edu.co\/index.php\/wp-json\/wp\/v2\/media?parent=7510"}],"wp:term":[{"taxonomy":"category","embeddable":true,"href":"https:\/\/emisora.univalle.edu.co\/index.php\/wp-json\/wp\/v2\/categories?post=7510"},{"taxonomy":"post_tag","embeddable":true,"href":"https:\/\/emisora.univalle.edu.co\/index.php\/wp-json\/wp\/v2\/tags?post=7510"}],"curies":[{"name":"wp","href":"https:\/\/api.w.org\/{rel}","templated":true}]}}