{"id":7512,"date":"2015-09-24T14:11:43","date_gmt":"2015-09-24T19:11:43","guid":{"rendered":"https:\/\/emisora.univalle.edu.co\/\/?p=7512"},"modified":"2015-09-24T14:11:43","modified_gmt":"2015-09-24T19:11:43","slug":"rumbo-al-concurso-nacional-de-bandas-musicales","status":"publish","type":"post","link":"https:\/\/emisora.univalle.edu.co\/index.php\/rumbo-al-concurso-nacional-de-bandas-musicales\/","title":{"rendered":"Rumbo al Concurso Nacional de Bandas Musicales"},"content":{"rendered":"<p><span style=\"line-height: 1.5em;\">La Banda de Estudiantes de la Escuela de M\u00fasica de la Universidad del Valle representar\u00e1 a la Instituci\u00f3n en el 41 Concurso Nacional de Bandas Musicales, que se realizar\u00e1 del 1 al 4 de octubre, en Paipa, Boyac\u00e1.<\/span><\/p>\n<p>Este certamen es organizado por la Corporaci\u00f3n Concurso Nacional de Bandas Musicales &#8211; CORBANDAS.<\/p>\n<p>El evento homenajear\u00e1 al compositor, arreglista y pedagogo musical Victoriano Valencia Rinc\u00f3n y la Banda de Estudiantes de la Escuela de M\u00fasica de la Universidad del Valle interpretar\u00e1 sus obras: Cantadoras y preg\u00f3n de la segunda suite.<\/p>\n<p>\u201cEn Paipa se establecen patrones de concurso bastante exigentes en t\u00e9rminos de m\u00fasicas regionales y eruditas o art\u00edsticas; es muy importante que los j\u00f3venes de la regi\u00f3n compartan con j\u00f3venes de otras partes de Colombia y vean los desarrollos a nivel musical\u201d, dijo Ricardo Cabrera, director de la Banda.<\/p>\n<p>La Banda de Estudiantes participar\u00e1 en los conciertos, en las marchas y verbenas por la ciudad. \u201cLa colaboraci\u00f3n mutua donde el que domina m\u00e1s el instrumento apoya al que lo domina menos, todo esto es muy importante para el crecimiento del grupo y es adem\u00e1s una caracter\u00edstica que har\u00e1 que nos destaquemos en el evento\u201d.<\/p>\n<p>Este a\u00f1o participar\u00e1n 37 agrupaciones en las categor\u00edas infantil, juvenil, b\u00e1sica, fiestera, especial y profesional universitaria en el concurso, evento declarado patrimonio inmaterial de los colombianos en el a\u00f1o 2013 por parte del Ministerio de Cultura.<\/p>\n<p>Victoriano Valencia Rinc\u00f3n es licenciado en M\u00fasica de la Universidad Pedag\u00f3gica Nacional y Magister en Composici\u00f3n de la Universidad EAFIT de Medell\u00edn; se ha centrado en la producci\u00f3n creativa desde la composici\u00f3n y los arreglos para banda, coro, orquesta sinf\u00f3nica, orquesta popular y otros formatos, la producci\u00f3n discogr\u00e1fica y el dise\u00f1o de materiales pedag\u00f3gicos; adem\u00e1s se ha desempe\u00f1ado como asesor del Ministerio de Cultura de Colombia, de la Red de Escuelas de M\u00fasica de Medell\u00edn y de diversas instituciones nacionales de educaci\u00f3n superior.<\/p>\n<p>Fuente: Agencia de Noticias Univalle<\/p>\n","protected":false},"excerpt":{"rendered":"<p>La Banda de Estudiantes de la Escuela de M\u00fasica de la Universidad del Valle representar\u00e1 a la Instituci\u00f3n en el 41 Concurso Nacional de Bandas Musicales, que se realizar\u00e1 del 1 al 4 de octubre, en Paipa, Boyac\u00e1. Este certamen es organizado por la Corporaci\u00f3n Concurso Nacional de Bandas Musicales[&#8230;]<\/p>\n","protected":false},"author":1,"featured_media":7513,"comment_status":"open","ping_status":"open","sticky":false,"template":"","format":"standard","meta":{"footnotes":""},"categories":[4],"tags":[],"_links":{"self":[{"href":"https:\/\/emisora.univalle.edu.co\/index.php\/wp-json\/wp\/v2\/posts\/7512"}],"collection":[{"href":"https:\/\/emisora.univalle.edu.co\/index.php\/wp-json\/wp\/v2\/posts"}],"about":[{"href":"https:\/\/emisora.univalle.edu.co\/index.php\/wp-json\/wp\/v2\/types\/post"}],"author":[{"embeddable":true,"href":"https:\/\/emisora.univalle.edu.co\/index.php\/wp-json\/wp\/v2\/users\/1"}],"replies":[{"embeddable":true,"href":"https:\/\/emisora.univalle.edu.co\/index.php\/wp-json\/wp\/v2\/comments?post=7512"}],"version-history":[{"count":1,"href":"https:\/\/emisora.univalle.edu.co\/index.php\/wp-json\/wp\/v2\/posts\/7512\/revisions"}],"predecessor-version":[{"id":7514,"href":"https:\/\/emisora.univalle.edu.co\/index.php\/wp-json\/wp\/v2\/posts\/7512\/revisions\/7514"}],"wp:featuredmedia":[{"embeddable":true,"href":"https:\/\/emisora.univalle.edu.co\/index.php\/wp-json\/wp\/v2\/media\/7513"}],"wp:attachment":[{"href":"https:\/\/emisora.univalle.edu.co\/index.php\/wp-json\/wp\/v2\/media?parent=7512"}],"wp:term":[{"taxonomy":"category","embeddable":true,"href":"https:\/\/emisora.univalle.edu.co\/index.php\/wp-json\/wp\/v2\/categories?post=7512"},{"taxonomy":"post_tag","embeddable":true,"href":"https:\/\/emisora.univalle.edu.co\/index.php\/wp-json\/wp\/v2\/tags?post=7512"}],"curies":[{"name":"wp","href":"https:\/\/api.w.org\/{rel}","templated":true}]}}