{"id":7536,"date":"2015-09-25T14:16:51","date_gmt":"2015-09-25T19:16:51","guid":{"rendered":"https:\/\/emisora.univalle.edu.co\/\/?p=7536"},"modified":"2015-09-25T14:16:51","modified_gmt":"2015-09-25T19:16:51","slug":"gobernador-ubeimar-delgado-blandon-resalto-avances-en-el-proceso-de-paz","status":"publish","type":"post","link":"https:\/\/emisora.univalle.edu.co\/index.php\/gobernador-ubeimar-delgado-blandon-resalto-avances-en-el-proceso-de-paz\/","title":{"rendered":"Gobernador Ubeimar Delgado Bland\u00f3n resalt\u00f3 avances en el Proceso de Paz"},"content":{"rendered":"<p><span style=\"line-height: 1.5em;\">El gobernador del Valle del Cauca, Ubeimar Delgado Bland\u00f3n se refiri\u00f3 a los anuncios hechos por el Gobierno Nacional referentes al proceso de Paz que se adelantan con la FARC en el pa\u00eds de Cuba. El Mandatario resalt\u00f3 estos\u00a0 avances y se\u00f1al\u00f3 que son significativos ya que permiten avizorar buenos resultados.<\/span><\/p>\n<p>\u201cEl hecho que se de un t\u00e9rmino de seis meses para lograr el tan anhelado sue\u00f1o de los colombiano, el cual es lograr la paz, es de resaltar, es de considerar como algo positivo y genera un poco de confianza que no la ten\u00edamos en el desarrollo de un \u00e9xito en la firma de la paz\u201d, puntualiz\u00f3 Ubeimar Delgado.<\/p>\n<p><b>Fuente: Comunicaciones Gobernaci\u00f3n<\/b><\/p>\n","protected":false},"excerpt":{"rendered":"<p>El gobernador del Valle del Cauca, Ubeimar Delgado Bland\u00f3n se refiri\u00f3 a los anuncios hechos por el Gobierno Nacional referentes al proceso de Paz que se adelantan con la FARC en el pa\u00eds de Cuba. El Mandatario resalt\u00f3 estos\u00a0 avances y se\u00f1al\u00f3 que son significativos ya que permiten avizorar buenos[&#8230;]<\/p>\n","protected":false},"author":1,"featured_media":2278,"comment_status":"open","ping_status":"open","sticky":false,"template":"","format":"standard","meta":{"footnotes":""},"categories":[4],"tags":[],"_links":{"self":[{"href":"https:\/\/emisora.univalle.edu.co\/index.php\/wp-json\/wp\/v2\/posts\/7536"}],"collection":[{"href":"https:\/\/emisora.univalle.edu.co\/index.php\/wp-json\/wp\/v2\/posts"}],"about":[{"href":"https:\/\/emisora.univalle.edu.co\/index.php\/wp-json\/wp\/v2\/types\/post"}],"author":[{"embeddable":true,"href":"https:\/\/emisora.univalle.edu.co\/index.php\/wp-json\/wp\/v2\/users\/1"}],"replies":[{"embeddable":true,"href":"https:\/\/emisora.univalle.edu.co\/index.php\/wp-json\/wp\/v2\/comments?post=7536"}],"version-history":[{"count":1,"href":"https:\/\/emisora.univalle.edu.co\/index.php\/wp-json\/wp\/v2\/posts\/7536\/revisions"}],"predecessor-version":[{"id":7537,"href":"https:\/\/emisora.univalle.edu.co\/index.php\/wp-json\/wp\/v2\/posts\/7536\/revisions\/7537"}],"wp:featuredmedia":[{"embeddable":true,"href":"https:\/\/emisora.univalle.edu.co\/index.php\/wp-json\/wp\/v2\/media\/2278"}],"wp:attachment":[{"href":"https:\/\/emisora.univalle.edu.co\/index.php\/wp-json\/wp\/v2\/media?parent=7536"}],"wp:term":[{"taxonomy":"category","embeddable":true,"href":"https:\/\/emisora.univalle.edu.co\/index.php\/wp-json\/wp\/v2\/categories?post=7536"},{"taxonomy":"post_tag","embeddable":true,"href":"https:\/\/emisora.univalle.edu.co\/index.php\/wp-json\/wp\/v2\/tags?post=7536"}],"curies":[{"name":"wp","href":"https:\/\/api.w.org\/{rel}","templated":true}]}}