{"id":7538,"date":"2015-09-25T14:17:48","date_gmt":"2015-09-25T19:17:48","guid":{"rendered":"https:\/\/emisora.univalle.edu.co\/\/?p=7538"},"modified":"2015-09-25T14:17:48","modified_gmt":"2015-09-25T19:17:48","slug":"becas-de-la-fundacion-ceiba","status":"publish","type":"post","link":"https:\/\/emisora.univalle.edu.co\/index.php\/becas-de-la-fundacion-ceiba\/","title":{"rendered":"Becas de la Fundaci\u00f3n CeiBA"},"content":{"rendered":"<p><span style=\"line-height: 1.5em;\">La Direcci\u00f3n de Autoevaluaci\u00f3n y Calidad Acad\u00e9mica invita a la charla informativa sobre los programas de becas que ofrece la Fundaci\u00f3n CeiBA, que se realizar\u00e1 este lunes 28 de septiembre, a las 5:00 p.m., en el Auditorio Antonio Jos\u00e9 Posada, Edificio 387, Mel\u00e9ndez.<\/span><\/p>\n<p>Las becas son para estudios de maestr\u00eda, doctorado y \u00faltimo a\u00f1o de pregrado.<\/p>\n<p>La Fundaci\u00f3n CeiBA, a trav\u00e9s de sus programas de becas, busca fortalecer las capacidades y el talento humano de Investigaci\u00f3n e Innovaci\u00f3n en el territorio Colombiano, a trav\u00e9s de cr\u00e9ditos-Becas educativos condonables para estudios de doctorado y maestr\u00eda en las mejores Universidades del pa\u00eds y del mundo, as\u00ed como un programa de becas para estudiantes de \u00faltimo a\u00f1o de pregrado.<\/p>\n<p>Esta convocatoria est\u00e1 abierta para oriundos de los departamentos de Cundinamarca, Bol\u00edvar, Nari\u00f1o y Vaup\u00e9s, as\u00ed como para para oriundos y\/o residentes habituales de la ciudad de Bogot\u00e1.<\/p>\n<p>Para algunas convocatorias pueden aplicar tambi\u00e9n colombianos que sean residentes habituales del departamento o personas que hayan obtenido su t\u00edtulo de bachiller y\/o pregrado en alguno de los municipios del departamento que oferta el programa de becas.<\/p>\n<p>Las becas cubren matr\u00edcula, sostenimiento y gastos de viaje dependiendo del programa:<\/p>\n<p>Para J\u00f3venes talento (sostenimiento durante el \u00faltimo a\u00f1o del pregrado o reci\u00e9n egresados\u00a0 hasta 2SMMLV\/mes hasta por un a\u00f1o).<\/p>\n<p>Para los programas de Maestr\u00edas nacionales (100% del valor de la matr\u00edcula,\u00a0 sostenimiento hasta por 3SMMLV\/mes).<\/p>\n<p>Para los programas de doctorados nacionales (100% del valor de la matr\u00edcula y sostenimiento hasta por 4SMMLV\/mes).<\/p>\n<p>Para los programas de doctorados y maestr\u00edas\u00a0 en el exterior (100% valor de la matr\u00edcula, gastos de viaje, seguro m\u00e9dico y sostenimiento hasta por 2.000USD\/mes hasta por 4 a\u00f1os).<\/p>\n<p>Fuente: Agencia de Noticias Univalle<\/p>\n","protected":false},"excerpt":{"rendered":"<p>La Direcci\u00f3n de Autoevaluaci\u00f3n y Calidad Acad\u00e9mica invita a la charla informativa sobre los programas de becas que ofrece la Fundaci\u00f3n CeiBA, que se realizar\u00e1 este lunes 28 de septiembre, a las 5:00 p.m., en el Auditorio Antonio Jos\u00e9 Posada, Edificio 387, Mel\u00e9ndez. Las becas son para estudios de maestr\u00eda,[&#8230;]<\/p>\n","protected":false},"author":1,"featured_media":7526,"comment_status":"open","ping_status":"open","sticky":false,"template":"","format":"standard","meta":{"footnotes":""},"categories":[4],"tags":[],"_links":{"self":[{"href":"https:\/\/emisora.univalle.edu.co\/index.php\/wp-json\/wp\/v2\/posts\/7538"}],"collection":[{"href":"https:\/\/emisora.univalle.edu.co\/index.php\/wp-json\/wp\/v2\/posts"}],"about":[{"href":"https:\/\/emisora.univalle.edu.co\/index.php\/wp-json\/wp\/v2\/types\/post"}],"author":[{"embeddable":true,"href":"https:\/\/emisora.univalle.edu.co\/index.php\/wp-json\/wp\/v2\/users\/1"}],"replies":[{"embeddable":true,"href":"https:\/\/emisora.univalle.edu.co\/index.php\/wp-json\/wp\/v2\/comments?post=7538"}],"version-history":[{"count":1,"href":"https:\/\/emisora.univalle.edu.co\/index.php\/wp-json\/wp\/v2\/posts\/7538\/revisions"}],"predecessor-version":[{"id":7539,"href":"https:\/\/emisora.univalle.edu.co\/index.php\/wp-json\/wp\/v2\/posts\/7538\/revisions\/7539"}],"wp:featuredmedia":[{"embeddable":true,"href":"https:\/\/emisora.univalle.edu.co\/index.php\/wp-json\/wp\/v2\/media\/7526"}],"wp:attachment":[{"href":"https:\/\/emisora.univalle.edu.co\/index.php\/wp-json\/wp\/v2\/media?parent=7538"}],"wp:term":[{"taxonomy":"category","embeddable":true,"href":"https:\/\/emisora.univalle.edu.co\/index.php\/wp-json\/wp\/v2\/categories?post=7538"},{"taxonomy":"post_tag","embeddable":true,"href":"https:\/\/emisora.univalle.edu.co\/index.php\/wp-json\/wp\/v2\/tags?post=7538"}],"curies":[{"name":"wp","href":"https:\/\/api.w.org\/{rel}","templated":true}]}}