{"id":7540,"date":"2015-09-25T14:18:47","date_gmt":"2015-09-25T19:18:47","guid":{"rendered":"https:\/\/emisora.univalle.edu.co\/\/?p=7540"},"modified":"2015-09-25T14:18:47","modified_gmt":"2015-09-25T19:18:47","slug":"alcalde-muestra-bondades-del-decatlon-solar-ante-el-congreso-vial","status":"publish","type":"post","link":"https:\/\/emisora.univalle.edu.co\/index.php\/alcalde-muestra-bondades-del-decatlon-solar-ante-el-congreso-vial\/","title":{"rendered":"Alcalde muestra bondades del Decatl\u00f3n Solar ante el Congreso Vial"},"content":{"rendered":"<p><span style=\"line-height: 1.5em;\">Por considerarlo un concurso biosostenible, innovador\u00a0 a trav\u00e9s del uso de la energ\u00eda solar, el alcalde de Cali, Rodrigo Guerrero Velasco, resalt\u00f3 las bondades del Decatl\u00f3n Solar, que se realizar\u00e1 en diciembre en Cali.<\/span><\/p>\n<p>El concurso, creado por el Departamento de Energ\u00eda de Estados Unidos en 1999, llega a su quinta versi\u00f3n, habi\u00e9ndose realizado en Washington, China, Madrid, Francia y ahora Cali.<\/p>\n<p>\u201cCali ha adquirido fama muy merecida por ser la capital de la salsa, del deporte y hasta de la cultura, pero detr\u00e1s de esto tambi\u00e9n hay otros meridianos que nos resaltan y con el Decatl\u00f3n solar nos pondremos en el meridiano de la ciencia\u201d, recalc\u00f3 el mandatario de la capital del Valle del Cauca.<\/p>\n<p>Relat\u00f3 que en el concurso han participado universidades extranjeras y colombianas y ya quedan 18 universidades encargadas de construir viviendas pilotos donde todo funcione con paneles solares.<\/p>\n<p>\u201cCali fue escogida compitiendo con Santiago de Chile y Rio de Janeiro y van a presentar modelos que cumplan con los 10 requisitos del concurso m\u00e1s 2 impuestos por nosotros, pues requerimos que sean viviendas de inter\u00e9s social y que los modelos sean para el tr\u00f3pico\u201d, enfatiz\u00f3.<\/p>\n<p>El alcalde Guerrero cont\u00f3 que el uso de la energ\u00eda solar en estas viviendas, de las cuales hay un piloto con cinco en Potrero Grande, ser\u00e1n evaluadas en las 10 variables del concurso, entre ellos confort, consumo, dise\u00f1o, seguridad en el suministro, accesibilidad en el servicio y sostenibilidad ambiental, entre otros.<\/p>\n<p>Para el alcalde de Cali, a estas viviendas convencionales, que se les pusieron\u00a0 los paneles solares, \u201cse les est\u00e1 midiendo el consumo y la generaci\u00f3n y est\u00e1n muy cerca del punto de equilibrio, es decir, que lo que generan es lo que gastan\u201d.<\/p>\n<p>Y agreg\u00f3: Pensamos que si se dise\u00f1an espec\u00edficamente para hacer econom\u00eda y se mejora la tecnolog\u00eda, esto har\u00e1 que la vivienda de inter\u00e9s social resuelva el problema de la energ\u00eda y genere excedentes\u201d.<\/p>\n<p>La presentaci\u00f3n del mandatario cale\u00f1o se hizo durante el d\u00e9cimo primer congreso de Vialidad y Tr\u00e1nsito Expovial, organizado por el Ministerio de Transporte y la C\u00e1mara Colombiana de la Infraestructura, que lidera en el occidente colombiano Mar\u00eda Claudia \u00c1lvarez.<\/p>\n<p>El evento se lleva a cabo desde este jueves 24 y viernes 25 de septiembre en el Club Colombia y cuenta con la asistencia de m\u00e1s de 300 representantes de las empresas involucradas con el tema de la infraestructura.<\/p>\n<p>Fuente: Comunicaciones Alcald\u00eda<\/p>\n","protected":false},"excerpt":{"rendered":"<p>Por considerarlo un concurso biosostenible, innovador\u00a0 a trav\u00e9s del uso de la energ\u00eda solar, el alcalde de Cali, Rodrigo Guerrero Velasco, resalt\u00f3 las bondades del Decatl\u00f3n Solar, que se realizar\u00e1 en diciembre en Cali. El concurso, creado por el Departamento de Energ\u00eda de Estados Unidos en 1999, llega a su[&#8230;]<\/p>\n","protected":false},"author":1,"featured_media":7528,"comment_status":"open","ping_status":"open","sticky":false,"template":"","format":"standard","meta":{"footnotes":""},"categories":[4],"tags":[],"_links":{"self":[{"href":"https:\/\/emisora.univalle.edu.co\/index.php\/wp-json\/wp\/v2\/posts\/7540"}],"collection":[{"href":"https:\/\/emisora.univalle.edu.co\/index.php\/wp-json\/wp\/v2\/posts"}],"about":[{"href":"https:\/\/emisora.univalle.edu.co\/index.php\/wp-json\/wp\/v2\/types\/post"}],"author":[{"embeddable":true,"href":"https:\/\/emisora.univalle.edu.co\/index.php\/wp-json\/wp\/v2\/users\/1"}],"replies":[{"embeddable":true,"href":"https:\/\/emisora.univalle.edu.co\/index.php\/wp-json\/wp\/v2\/comments?post=7540"}],"version-history":[{"count":1,"href":"https:\/\/emisora.univalle.edu.co\/index.php\/wp-json\/wp\/v2\/posts\/7540\/revisions"}],"predecessor-version":[{"id":7541,"href":"https:\/\/emisora.univalle.edu.co\/index.php\/wp-json\/wp\/v2\/posts\/7540\/revisions\/7541"}],"wp:featuredmedia":[{"embeddable":true,"href":"https:\/\/emisora.univalle.edu.co\/index.php\/wp-json\/wp\/v2\/media\/7528"}],"wp:attachment":[{"href":"https:\/\/emisora.univalle.edu.co\/index.php\/wp-json\/wp\/v2\/media?parent=7540"}],"wp:term":[{"taxonomy":"category","embeddable":true,"href":"https:\/\/emisora.univalle.edu.co\/index.php\/wp-json\/wp\/v2\/categories?post=7540"},{"taxonomy":"post_tag","embeddable":true,"href":"https:\/\/emisora.univalle.edu.co\/index.php\/wp-json\/wp\/v2\/tags?post=7540"}],"curies":[{"name":"wp","href":"https:\/\/api.w.org\/{rel}","templated":true}]}}