{"id":7549,"date":"2015-09-25T14:24:23","date_gmt":"2015-09-25T19:24:23","guid":{"rendered":"https:\/\/emisora.univalle.edu.co\/\/?p=7549"},"modified":"2015-09-25T14:24:23","modified_gmt":"2015-09-25T19:24:23","slug":"jazz-y-teatro-en-la-programacion-cultural-de-esta-semana-invita-secretaria-de-cultura-departamental","status":"publish","type":"post","link":"https:\/\/emisora.univalle.edu.co\/index.php\/jazz-y-teatro-en-la-programacion-cultural-de-esta-semana-invita-secretaria-de-cultura-departamental\/","title":{"rendered":"Jazz y Teatro en la Programaci\u00f3n Cultural de esta Semana invita Secretar\u00eda de Cultura Departamental"},"content":{"rendered":"<p><span style=\"line-height: 1.5em;\">La Gobernaci\u00f3n del Valle del Cauca y la Secretar\u00eda de Cultura Departamental, en aras de difundir las expresiones y manifestaciones culturales de Departamento, cofinancian a trav\u00e9s de la Convocatoria de proyectos culturales y art\u00edsticos eventos como El 15\u00ba Encuentro de Creadores de Jazz Fusi\u00f3n y Experimental de Cali AJAZZGO,\u00a0 que se llevara a cabo del 22 de septiembre al 02 de octubre del presente a\u00f1o en la ciudad de Cali.<\/span><\/p>\n<p>Escenarios como la Universidad Javeriana, el Teatro Municipal de Cali Enrique Buenaventura, el Centro Cultural Comfandi de Cali, el Teatro Salamandra y el Teatro al Aire Libre Los Cristales, del 22 al 27 septiembre, presentaran gratuitamente programaci\u00f3n art\u00edstica y pedag\u00f3gica con representantes provenientes de Colombia, Estados Unidos, Panam\u00e1, Suiza, Puerto Rico e Israel. Para el cierre y como celebraci\u00f3n de los 15 a\u00f1os de la fundaci\u00f3n de AJJAZGO, se realizar\u00e1 un concierto que tendr\u00e1 lugar el 2 de octubre en el Diamante de Softball de Unidad Panamericana.<\/p>\n<p>Estas iniciativas se adelantan para lograr construir una mirada conjunta de los trabajadores del Valle del Cauca acerca de la paz y sus apuestas, por esto el Gobierno del Valle a trav\u00e9s de la Gestor\u00eda de Paz, apoya actividades que vinculen la participaci\u00f3n de los funcionarios y los diferentes entes veedores y reguladores de la situaci\u00f3n actual que afronta el pa\u00eds.<\/p>\n<p><b>Fuente: Comunicaciones Gobernaci\u00f3n<\/b><\/p>\n","protected":false},"excerpt":{"rendered":"<p>La Gobernaci\u00f3n del Valle del Cauca y la Secretar\u00eda de Cultura Departamental, en aras de difundir las expresiones y manifestaciones culturales de Departamento, cofinancian a trav\u00e9s de la Convocatoria de proyectos culturales y art\u00edsticos eventos como El 15\u00ba Encuentro de Creadores de Jazz Fusi\u00f3n y Experimental de Cali AJAZZGO,\u00a0 que[&#8230;]<\/p>\n","protected":false},"author":1,"featured_media":7523,"comment_status":"open","ping_status":"open","sticky":false,"template":"","format":"standard","meta":{"footnotes":""},"categories":[4],"tags":[],"_links":{"self":[{"href":"https:\/\/emisora.univalle.edu.co\/index.php\/wp-json\/wp\/v2\/posts\/7549"}],"collection":[{"href":"https:\/\/emisora.univalle.edu.co\/index.php\/wp-json\/wp\/v2\/posts"}],"about":[{"href":"https:\/\/emisora.univalle.edu.co\/index.php\/wp-json\/wp\/v2\/types\/post"}],"author":[{"embeddable":true,"href":"https:\/\/emisora.univalle.edu.co\/index.php\/wp-json\/wp\/v2\/users\/1"}],"replies":[{"embeddable":true,"href":"https:\/\/emisora.univalle.edu.co\/index.php\/wp-json\/wp\/v2\/comments?post=7549"}],"version-history":[{"count":1,"href":"https:\/\/emisora.univalle.edu.co\/index.php\/wp-json\/wp\/v2\/posts\/7549\/revisions"}],"predecessor-version":[{"id":7550,"href":"https:\/\/emisora.univalle.edu.co\/index.php\/wp-json\/wp\/v2\/posts\/7549\/revisions\/7550"}],"wp:featuredmedia":[{"embeddable":true,"href":"https:\/\/emisora.univalle.edu.co\/index.php\/wp-json\/wp\/v2\/media\/7523"}],"wp:attachment":[{"href":"https:\/\/emisora.univalle.edu.co\/index.php\/wp-json\/wp\/v2\/media?parent=7549"}],"wp:term":[{"taxonomy":"category","embeddable":true,"href":"https:\/\/emisora.univalle.edu.co\/index.php\/wp-json\/wp\/v2\/categories?post=7549"},{"taxonomy":"post_tag","embeddable":true,"href":"https:\/\/emisora.univalle.edu.co\/index.php\/wp-json\/wp\/v2\/tags?post=7549"}],"curies":[{"name":"wp","href":"https:\/\/api.w.org\/{rel}","templated":true}]}}