{"id":7554,"date":"2015-09-25T14:26:31","date_gmt":"2015-09-25T19:26:31","guid":{"rendered":"https:\/\/emisora.univalle.edu.co\/\/?p=7554"},"modified":"2015-09-25T14:26:31","modified_gmt":"2015-09-25T19:26:31","slug":"paz-se-construye-desde-las-regiones-felipe-montoya-asesor-de-paz-de-cali","status":"publish","type":"post","link":"https:\/\/emisora.univalle.edu.co\/index.php\/paz-se-construye-desde-las-regiones-felipe-montoya-asesor-de-paz-de-cali\/","title":{"rendered":"Paz se construye desde las regiones: Felipe Montoya, asesor de Paz de Cali"},"content":{"rendered":"<p><span style=\"line-height: 1.5em;\">El\u00a0 asesor de Paz de Cali, Felipe Montoya, al hacer referencia a los avances del proceso que vive el pa\u00eds, hace \u00e9nfasis en que la paz se construye desde las regiones y el papel fundamental que deben tener en cuenta los nuevos gobernantes para incluir en los planes de desarrollo acciones que lleven a que el resultado sea una paz estable y duradera.<\/span><\/p>\n<p>\u201cConstruir paz desde las regiones implica acciones contundentes de prevenci\u00f3n que generen garant\u00edas de no repetici\u00f3n en el futuro y as\u00ed evitar que aparezcan o tomen fuerza otros grupos al margen de la ley. Colombia necesita que todos apoyemos la construcci\u00f3n del paz. Ahora, cobra a\u00fan m\u00e1s importancia el proceso de difusi\u00f3n de los acuerdos y las implicaciones que esto tiene en las regiones\u201d. Afirma el asesor de paz de Cali.<\/p>\n<p>Montoya tambi\u00e9n se\u00f1ala que \u201cojal\u00e1 seamos la primera generaci\u00f3n de la paz. Como siempre lo he manifestado, la firma de la paz es un reto grande e importante, pero la tarea de construirla es a diario e inicia en los hogares\u201d.<\/p>\n<p>Sobre los puntos mencionados en el acuerdo, el funcionario resalta la importancia de que por primera vez las Farc reconocen y aceptan que deben ser juzgados y m\u00e1s importante a\u00fan, que en todo este proceso se debe tener en cuenta la reparaci\u00f3n y satisfacci\u00f3n de las v\u00edctimas que incluya la verdad.<\/p>\n<p>\u00abA\u00fan queda un camino por recorrer para lograr la firma, pero lo que se avecina es el camino m\u00e1s largo: la construcci\u00f3n de paz\u201d, concluye el asesor Montoya.<\/p>\n<p>Fuente: Comunicaciones Alcald\u00eda<\/p>\n","protected":false},"excerpt":{"rendered":"<p>El\u00a0 asesor de Paz de Cali, Felipe Montoya, al hacer referencia a los avances del proceso que vive el pa\u00eds, hace \u00e9nfasis en que la paz se construye desde las regiones y el papel fundamental que deben tener en cuenta los nuevos gobernantes para incluir en los planes de desarrollo[&#8230;]<\/p>\n","protected":false},"author":1,"featured_media":7529,"comment_status":"open","ping_status":"open","sticky":false,"template":"","format":"standard","meta":{"footnotes":""},"categories":[4],"tags":[],"_links":{"self":[{"href":"https:\/\/emisora.univalle.edu.co\/index.php\/wp-json\/wp\/v2\/posts\/7554"}],"collection":[{"href":"https:\/\/emisora.univalle.edu.co\/index.php\/wp-json\/wp\/v2\/posts"}],"about":[{"href":"https:\/\/emisora.univalle.edu.co\/index.php\/wp-json\/wp\/v2\/types\/post"}],"author":[{"embeddable":true,"href":"https:\/\/emisora.univalle.edu.co\/index.php\/wp-json\/wp\/v2\/users\/1"}],"replies":[{"embeddable":true,"href":"https:\/\/emisora.univalle.edu.co\/index.php\/wp-json\/wp\/v2\/comments?post=7554"}],"version-history":[{"count":1,"href":"https:\/\/emisora.univalle.edu.co\/index.php\/wp-json\/wp\/v2\/posts\/7554\/revisions"}],"predecessor-version":[{"id":7555,"href":"https:\/\/emisora.univalle.edu.co\/index.php\/wp-json\/wp\/v2\/posts\/7554\/revisions\/7555"}],"wp:featuredmedia":[{"embeddable":true,"href":"https:\/\/emisora.univalle.edu.co\/index.php\/wp-json\/wp\/v2\/media\/7529"}],"wp:attachment":[{"href":"https:\/\/emisora.univalle.edu.co\/index.php\/wp-json\/wp\/v2\/media?parent=7554"}],"wp:term":[{"taxonomy":"category","embeddable":true,"href":"https:\/\/emisora.univalle.edu.co\/index.php\/wp-json\/wp\/v2\/categories?post=7554"},{"taxonomy":"post_tag","embeddable":true,"href":"https:\/\/emisora.univalle.edu.co\/index.php\/wp-json\/wp\/v2\/tags?post=7554"}],"curies":[{"name":"wp","href":"https:\/\/api.w.org\/{rel}","templated":true}]}}