{"id":7558,"date":"2015-09-25T14:29:31","date_gmt":"2015-09-25T19:29:31","guid":{"rendered":"https:\/\/emisora.univalle.edu.co\/\/?p=7558"},"modified":"2015-09-25T14:29:31","modified_gmt":"2015-09-25T19:29:31","slug":"alta-consejeria-para-la-paz-participo-en-la-segunda-asamblea-por-la-paz-del-valle-del-cauca","status":"publish","type":"post","link":"https:\/\/emisora.univalle.edu.co\/index.php\/alta-consejeria-para-la-paz-participo-en-la-segunda-asamblea-por-la-paz-del-valle-del-cauca\/","title":{"rendered":"Alta Consejer\u00eda para la Paz particip\u00f3 en la Segunda Asamblea por la paz del Valle del Cauca"},"content":{"rendered":"<p><span style=\"line-height: 1.5em;\">La Alta consejer\u00eda para la paz del Gobierno departamental particip\u00f3 en la segunda Asamblea por la Paz del Valle del Cauca, evento que construye plataformas de paz desde los trabajadores de todos los sectores y prepara a la comunidad para hacerle frente al post-conflicto.<\/span><\/p>\n<p>Fabio Ariel Cardozo Montealegre, Alto Consejero para la Paz de la Gobernaci\u00f3n del Valle del Cauca manifest\u00f3 que \u201cestos espacios de disertaci\u00f3n con los trabajadores del Valle del Cauca, permiten transformar la realidad y poner en claro que el prop\u00f3sito de la paz es la v\u00eda del di\u00e1logo y una soluci\u00f3n pol\u00edtica negociada con todos los actores. Muy importante que las administraciones participen y tomen parte de este importante proceso que acontece a nivel nacional\u201d.<\/p>\n<p>Estas iniciativas se adelantan para lograr construir una mirada conjunta de los trabajadores del Valle del Cauca acerca de la paz y sus apuestas, por esto el Gobierno del Valle a trav\u00e9s de la Gestor\u00eda de Paz, apoya actividades que vinculen la participaci\u00f3n de los funcionarios y los diferentes entes veedores y reguladores de la situaci\u00f3n actual que afronta el pa\u00eds.<\/p>\n<p>Fuente: Comunicaciones Gobernaci\u00f3n<\/p>\n","protected":false},"excerpt":{"rendered":"<p>La Alta consejer\u00eda para la paz del Gobierno departamental particip\u00f3 en la segunda Asamblea por la Paz del Valle del Cauca, evento que construye plataformas de paz desde los trabajadores de todos los sectores y prepara a la comunidad para hacerle frente al post-conflicto. Fabio Ariel Cardozo Montealegre, Alto Consejero[&#8230;]<\/p>\n","protected":false},"author":1,"featured_media":7524,"comment_status":"open","ping_status":"open","sticky":false,"template":"","format":"standard","meta":{"footnotes":""},"categories":[4],"tags":[],"_links":{"self":[{"href":"https:\/\/emisora.univalle.edu.co\/index.php\/wp-json\/wp\/v2\/posts\/7558"}],"collection":[{"href":"https:\/\/emisora.univalle.edu.co\/index.php\/wp-json\/wp\/v2\/posts"}],"about":[{"href":"https:\/\/emisora.univalle.edu.co\/index.php\/wp-json\/wp\/v2\/types\/post"}],"author":[{"embeddable":true,"href":"https:\/\/emisora.univalle.edu.co\/index.php\/wp-json\/wp\/v2\/users\/1"}],"replies":[{"embeddable":true,"href":"https:\/\/emisora.univalle.edu.co\/index.php\/wp-json\/wp\/v2\/comments?post=7558"}],"version-history":[{"count":1,"href":"https:\/\/emisora.univalle.edu.co\/index.php\/wp-json\/wp\/v2\/posts\/7558\/revisions"}],"predecessor-version":[{"id":7559,"href":"https:\/\/emisora.univalle.edu.co\/index.php\/wp-json\/wp\/v2\/posts\/7558\/revisions\/7559"}],"wp:featuredmedia":[{"embeddable":true,"href":"https:\/\/emisora.univalle.edu.co\/index.php\/wp-json\/wp\/v2\/media\/7524"}],"wp:attachment":[{"href":"https:\/\/emisora.univalle.edu.co\/index.php\/wp-json\/wp\/v2\/media?parent=7558"}],"wp:term":[{"taxonomy":"category","embeddable":true,"href":"https:\/\/emisora.univalle.edu.co\/index.php\/wp-json\/wp\/v2\/categories?post=7558"},{"taxonomy":"post_tag","embeddable":true,"href":"https:\/\/emisora.univalle.edu.co\/index.php\/wp-json\/wp\/v2\/tags?post=7558"}],"curies":[{"name":"wp","href":"https:\/\/api.w.org\/{rel}","templated":true}]}}