{"id":7577,"date":"2015-09-28T08:48:32","date_gmt":"2015-09-28T13:48:32","guid":{"rendered":"https:\/\/emisora.univalle.edu.co\/\/?p=7577"},"modified":"2015-10-01T14:27:39","modified_gmt":"2015-10-01T19:27:39","slug":"este-lunes-consulta-para-designacion-de-rector","status":"publish","type":"post","link":"https:\/\/emisora.univalle.edu.co\/index.php\/este-lunes-consulta-para-designacion-de-rector\/","title":{"rendered":"Hoy consulta para Designaci\u00f3n de Rector"},"content":{"rendered":"<div>\n<h2><img decoding=\"async\" style=\"font-size: 14px; line-height: 1.5em;\" alt=\"\" src=\"http:\/\/www.univalle.edu.co\/media\/k2\/items\/cache\/949f13c1df30a468b76afab5b994011b_M.jpg\" \/><\/h2>\n<\/div>\n<div>\n<div>\n<p>Este lunes 28 de septiembre de 2015, los estudiantes y docentes de la Universidad del Valle participar\u00e1n en la consulta estamentaria, como parte del proceso de Designaci\u00f3n de Rector 2015 \u2013 2019.<\/p>\n<p>Para votar, los estudiantes y docentes de la Universidad se acercar\u00e1n a las urnas que estar\u00e1n disponibles en la coordinaci\u00f3n acad\u00e9mica de cada facultad, instituto o sede regional, de 8:00 a.m. a 7:00 p.m.<\/p>\n<p>La consulta servir\u00e1 de gu\u00eda a los representantes de cada estamento ante el Consejo Superior para dar su voto durante la sesi\u00f3n especial, el pr\u00f3ximo 23 de octubre de 2015, en la cual se elegir\u00e1 el nuevo rector de la Instituci\u00f3n.<\/p>\n<p>En orden alfab\u00e9tico, estos son los candidatos a la Designaci\u00f3n de Rector 2015 -2019:<\/p>\n<p><strong>H\u00e9ctor Cadavid Ram\u00edrez<\/strong><\/p>\n<p>Ingeniero electromec\u00e1nico, maestr\u00eda en ingenier\u00eda y doctor (Ph.D.) en ingenier\u00eda; estudios de pregrado y posgrado en el Instituto Superior Energ\u00e9tico de Mosc\u00fa-Rusia. Su experiencia laboral ha sido como Ingeniero en el sector industrial. Est\u00e1 vinculado desde el a\u00f1o 1987 como profesor de tiempo completo de la Escuela de Ingenier\u00eda El\u00e9ctrica y Electr\u00f3nica de la Universidad del Valle. Tiene m\u00e1s de veintiocho (28) a\u00f1os de experiencia en la Universidad del Valle en todos los \u00e1mbitos de la vida acad\u00e9mica: docencia, investigaci\u00f3n, extensi\u00f3n y diferentes cargos acad\u00e9micos administrativos.<\/p>\n<p><strong>C\u00e9sar Arturo Castillo<\/strong><\/p>\n<p>Licenciado en historia con maestr\u00eda en historia andina de la Universidad del Valle, doctor (Ph.D.) en desarrollo local e innovaci\u00f3n territorial (Tesis Cum Laude) de la Universidad de Alicante de Espa\u00f1a. Se ha desempe\u00f1ado como docente en la Universidad del Cauca, Universidad Aut\u00f3noma de Occidente y Universidad del Valle, en las sedes de Caicedonia, Cartago y Cali.<\/p>\n<p><strong>Jes\u00fas Mar\u00eda S\u00e1nchez Ordo\u00f1ez<\/strong><\/p>\n<p>Trabajador Social y mag\u00edster en salud p\u00fablica de la Universidad del Valle, con una especializaci\u00f3n en salud ocupacional de la Universidad Libre. M\u00e1s de 16 a\u00f1os de como profesor en la Universidad del Valle. Cuenta con experiencia en \u00a0docencia, investigaci\u00f3n y diferentes cargos acad\u00e9micos administrativos como Vicerrector de Bienestar y Director de regionalizaci\u00f3n, entre otros.<\/p>\n<p><strong>Edgar Varela Barrios<\/strong><\/p>\n<p>Ph.D en administraci\u00f3n de la Escuela de Altos Estudios Comerciales HEC de Montreal-Canad\u00e1, magister en historia andina y licenciado en filosof\u00eda de la Universidad del Valle. Desde hace 23 a\u00f1os se desempe\u00f1a como profesor titular de la Facultad de Ciencias de la Administraci\u00f3n de la Universidad del Valle, en pregrado. Adem\u00e1s de su labor docente e investigativa, desde 1998 se ha desempe\u00f1ado en cargos administrativos en el Alma M\u00e1ter.<\/p>\n<\/div>\n<\/div>\n","protected":false},"excerpt":{"rendered":"<p>Este lunes 28 de septiembre de 2015, los estudiantes y docentes de la Universidad del Valle participar\u00e1n en la consulta estamentaria, como parte del proceso de Designaci\u00f3n de Rector 2015 \u2013 2019. Para votar, los estudiantes y docentes de la Universidad se acercar\u00e1n a las urnas que estar\u00e1n disponibles en[&#8230;]<\/p>\n","protected":false},"author":1,"featured_media":7024,"comment_status":"open","ping_status":"open","sticky":false,"template":"","format":"standard","meta":{"footnotes":""},"categories":[4],"tags":[],"_links":{"self":[{"href":"https:\/\/emisora.univalle.edu.co\/index.php\/wp-json\/wp\/v2\/posts\/7577"}],"collection":[{"href":"https:\/\/emisora.univalle.edu.co\/index.php\/wp-json\/wp\/v2\/posts"}],"about":[{"href":"https:\/\/emisora.univalle.edu.co\/index.php\/wp-json\/wp\/v2\/types\/post"}],"author":[{"embeddable":true,"href":"https:\/\/emisora.univalle.edu.co\/index.php\/wp-json\/wp\/v2\/users\/1"}],"replies":[{"embeddable":true,"href":"https:\/\/emisora.univalle.edu.co\/index.php\/wp-json\/wp\/v2\/comments?post=7577"}],"version-history":[{"count":2,"href":"https:\/\/emisora.univalle.edu.co\/index.php\/wp-json\/wp\/v2\/posts\/7577\/revisions"}],"predecessor-version":[{"id":7579,"href":"https:\/\/emisora.univalle.edu.co\/index.php\/wp-json\/wp\/v2\/posts\/7577\/revisions\/7579"}],"wp:featuredmedia":[{"embeddable":true,"href":"https:\/\/emisora.univalle.edu.co\/index.php\/wp-json\/wp\/v2\/media\/7024"}],"wp:attachment":[{"href":"https:\/\/emisora.univalle.edu.co\/index.php\/wp-json\/wp\/v2\/media?parent=7577"}],"wp:term":[{"taxonomy":"category","embeddable":true,"href":"https:\/\/emisora.univalle.edu.co\/index.php\/wp-json\/wp\/v2\/categories?post=7577"},{"taxonomy":"post_tag","embeddable":true,"href":"https:\/\/emisora.univalle.edu.co\/index.php\/wp-json\/wp\/v2\/tags?post=7577"}],"curies":[{"name":"wp","href":"https:\/\/api.w.org\/{rel}","templated":true}]}}