{"id":7605,"date":"2015-09-28T14:40:30","date_gmt":"2015-09-28T19:40:30","guid":{"rendered":"https:\/\/emisora.univalle.edu.co\/\/?p=7605"},"modified":"2015-09-28T14:41:40","modified_gmt":"2015-09-28T19:41:40","slug":"en-bici-calenos-se-gozaron-la-ciudad","status":"publish","type":"post","link":"https:\/\/emisora.univalle.edu.co\/index.php\/en-bici-calenos-se-gozaron-la-ciudad\/","title":{"rendered":"En bici, cale\u00f1os se gozaron la ciudad"},"content":{"rendered":"<p><span style=\"line-height: 1.5em;\">A Juan Pablo P\u00e9rez le gusta acompa\u00f1ar a su pap\u00e1 a montar bicicleta, pero casi siempre lo hacen en la monta\u00f1a, pero este domingo el paseo ten\u00eda algo especial: esta vez se fueron a recorrer esas calles y avenidas que se ven a trav\u00e9s de las ventanas de un veh\u00edculo.<\/span><\/p>\n<p><span style=\"line-height: 1.5em;\">Ellos, como miles de cale\u00f1os, atendieron el llamado y se sumaron a \u2018La Bicletada por Cali\u2019, evento que se realiza en el marco de la Semana de la Bicicleta, promovida por la Alcald\u00eda de Bogot\u00e1, que busca crear conciencia entre los colombianos de las posibilidades que tiene la bici como medio de transporte.<\/span><\/p>\n<p><span style=\"line-height: 1.5em;\">\u201cEs importante para generar menos uso del carro, y as\u00ed contribuimos con el medioambiente\u201d, dice el ingeniero industrial David P\u00e9rez, padre de Juan Pablo, quien reflexiona acerca de que la ciudad debe apuntar a tener m\u00e1s y mejores ciclorrutas.<\/span><\/p>\n<p><span style=\"line-height: 1.5em;\">Alej\u00e1ndose de los problemas de movilidad o la contaminaci\u00f3n, Olga Luc\u00eda Rivera, participante de esta jornada, indica que \u201cpedalear es bueno para la salud, uno no se ejercita correctamente, toda la semana se est\u00e1 trabajando y la vida se nos vuelve sedentaria\u201d.<\/span><\/p>\n<p><span style=\"line-height: 1.5em;\">Fuere cual fuere el motivo de los participantes, este domingo 27 de septiembre, los cale\u00f1os le cumplieron una vez m\u00e1s e hicieron \u2018La Bicicletada por Cali\u2019, una jornada que recorri\u00f3 37 km por la principales v\u00edas de la ciudad, en la que se comparti\u00f3 un ambiente familiar y de camarader\u00eda.<\/span><\/p>\n<p>Fuente Comunicaciones Alcald\u00eda<\/p>\n","protected":false},"excerpt":{"rendered":"<p>A Juan Pablo P\u00e9rez le gusta acompa\u00f1ar a su pap\u00e1 a montar bicicleta, pero casi siempre lo hacen en la monta\u00f1a, pero este domingo el paseo ten\u00eda algo especial: esta vez se fueron a recorrer esas calles y avenidas que se ven a trav\u00e9s de las ventanas de un veh\u00edculo.[&#8230;]<\/p>\n","protected":false},"author":1,"featured_media":7587,"comment_status":"open","ping_status":"open","sticky":false,"template":"","format":"standard","meta":{"footnotes":""},"categories":[4],"tags":[],"_links":{"self":[{"href":"https:\/\/emisora.univalle.edu.co\/index.php\/wp-json\/wp\/v2\/posts\/7605"}],"collection":[{"href":"https:\/\/emisora.univalle.edu.co\/index.php\/wp-json\/wp\/v2\/posts"}],"about":[{"href":"https:\/\/emisora.univalle.edu.co\/index.php\/wp-json\/wp\/v2\/types\/post"}],"author":[{"embeddable":true,"href":"https:\/\/emisora.univalle.edu.co\/index.php\/wp-json\/wp\/v2\/users\/1"}],"replies":[{"embeddable":true,"href":"https:\/\/emisora.univalle.edu.co\/index.php\/wp-json\/wp\/v2\/comments?post=7605"}],"version-history":[{"count":1,"href":"https:\/\/emisora.univalle.edu.co\/index.php\/wp-json\/wp\/v2\/posts\/7605\/revisions"}],"predecessor-version":[{"id":7606,"href":"https:\/\/emisora.univalle.edu.co\/index.php\/wp-json\/wp\/v2\/posts\/7605\/revisions\/7606"}],"wp:featuredmedia":[{"embeddable":true,"href":"https:\/\/emisora.univalle.edu.co\/index.php\/wp-json\/wp\/v2\/media\/7587"}],"wp:attachment":[{"href":"https:\/\/emisora.univalle.edu.co\/index.php\/wp-json\/wp\/v2\/media?parent=7605"}],"wp:term":[{"taxonomy":"category","embeddable":true,"href":"https:\/\/emisora.univalle.edu.co\/index.php\/wp-json\/wp\/v2\/categories?post=7605"},{"taxonomy":"post_tag","embeddable":true,"href":"https:\/\/emisora.univalle.edu.co\/index.php\/wp-json\/wp\/v2\/tags?post=7605"}],"curies":[{"name":"wp","href":"https:\/\/api.w.org\/{rel}","templated":true}]}}