{"id":7609,"date":"2015-09-28T14:45:03","date_gmt":"2015-09-28T19:45:03","guid":{"rendered":"https:\/\/emisora.univalle.edu.co\/\/?p=7609"},"modified":"2015-09-28T14:45:03","modified_gmt":"2015-09-28T19:45:03","slug":"el-valle-del-cauca-participara-este-4-de-octubre-en-el-simulacro-nacional-de-evacuacion","status":"publish","type":"post","link":"https:\/\/emisora.univalle.edu.co\/index.php\/el-valle-del-cauca-participara-este-4-de-octubre-en-el-simulacro-nacional-de-evacuacion\/","title":{"rendered":"El Valle del Cauca participar\u00e1 este 4 de octubre en el Simulacro Nacional de Evacuaci\u00f3n"},"content":{"rendered":"<p><span style=\"line-height: 1.5em;\">El domingo 4 de octubre el pa\u00eds ser\u00e1 `protagonista de un Simulacro Nacional de Evacuaci\u00f3n en el que participar\u00e1 el Valle del Cauca.\u00a0 Ya son 23 los departamentos del Pa\u00eds que se han inscrito para participar en este gran ejercicio que es liderado en la regi\u00f3n por la Oficina de Gesti\u00f3n del Riesgo de la Gobernaci\u00f3n en coordinaci\u00f3n con la Unidad Nacional para la Gesti\u00f3n del Riesgo de Desastres \u2013UNGRD-, en donde se busca fortalecer las capacidades individuales y colectivas frente a un evento s\u00edsmico real.<\/span><\/p>\n<p>Valle del Cauca, Putumayo, Quind\u00edo, Casanare, Cesar, Risaralda, Huila, Choc\u00f3, Norte de Santander, Cundinamarca, Tolima, Bol\u00edvar, Caquet\u00e1, Santander, Atl\u00e1ntico, Caldas, Antioquia, Boyac\u00e1, C\u00f3rdoba, Nari\u00f1o, Cauca, Magdalena, y La Guajira, han sido los departamentos inscritos a la fecha y dado el enfoque comunitario que se le ha dado este a\u00f1o al Simulacro Nacional, cada uno de los territorios ha sumado a las organizaciones sociales que han querido participar de este ejercicio y que ya son 2.186.<\/p>\n<p>Para los departamentos, municipios, organizaciones sociales y comunitarias que a\u00fan no se han inscrito, est\u00e1n a tiempo de hacerlo y sumarse a este importante Simulacro Nacional de Evacuaci\u00f3n que busca que los colombianos se fortalezcan y consoliden la cultura de Gesti\u00f3n del Riesgo de la que todos somos responsables.<\/p>\n<p>Fuente: Comunicaciones Gobernaci\u00f3n<\/p>\n<p>&nbsp;<\/p>\n","protected":false},"excerpt":{"rendered":"<p>El domingo 4 de octubre el pa\u00eds ser\u00e1 `protagonista de un Simulacro Nacional de Evacuaci\u00f3n en el que participar\u00e1 el Valle del Cauca.\u00a0 Ya son 23 los departamentos del Pa\u00eds que se han inscrito para participar en este gran ejercicio que es liderado en la regi\u00f3n por la Oficina de[&#8230;]<\/p>\n","protected":false},"author":1,"featured_media":7595,"comment_status":"open","ping_status":"open","sticky":false,"template":"","format":"standard","meta":{"footnotes":""},"categories":[4],"tags":[],"_links":{"self":[{"href":"https:\/\/emisora.univalle.edu.co\/index.php\/wp-json\/wp\/v2\/posts\/7609"}],"collection":[{"href":"https:\/\/emisora.univalle.edu.co\/index.php\/wp-json\/wp\/v2\/posts"}],"about":[{"href":"https:\/\/emisora.univalle.edu.co\/index.php\/wp-json\/wp\/v2\/types\/post"}],"author":[{"embeddable":true,"href":"https:\/\/emisora.univalle.edu.co\/index.php\/wp-json\/wp\/v2\/users\/1"}],"replies":[{"embeddable":true,"href":"https:\/\/emisora.univalle.edu.co\/index.php\/wp-json\/wp\/v2\/comments?post=7609"}],"version-history":[{"count":1,"href":"https:\/\/emisora.univalle.edu.co\/index.php\/wp-json\/wp\/v2\/posts\/7609\/revisions"}],"predecessor-version":[{"id":7610,"href":"https:\/\/emisora.univalle.edu.co\/index.php\/wp-json\/wp\/v2\/posts\/7609\/revisions\/7610"}],"wp:featuredmedia":[{"embeddable":true,"href":"https:\/\/emisora.univalle.edu.co\/index.php\/wp-json\/wp\/v2\/media\/7595"}],"wp:attachment":[{"href":"https:\/\/emisora.univalle.edu.co\/index.php\/wp-json\/wp\/v2\/media?parent=7609"}],"wp:term":[{"taxonomy":"category","embeddable":true,"href":"https:\/\/emisora.univalle.edu.co\/index.php\/wp-json\/wp\/v2\/categories?post=7609"},{"taxonomy":"post_tag","embeddable":true,"href":"https:\/\/emisora.univalle.edu.co\/index.php\/wp-json\/wp\/v2\/tags?post=7609"}],"curies":[{"name":"wp","href":"https:\/\/api.w.org\/{rel}","templated":true}]}}