{"id":7612,"date":"2015-09-28T14:46:06","date_gmt":"2015-09-28T19:46:06","guid":{"rendered":"https:\/\/emisora.univalle.edu.co\/\/?p=7612"},"modified":"2015-09-28T14:46:06","modified_gmt":"2015-09-28T19:46:06","slug":"tirar-paso-en-el-x-festival-mundial-de-salsa-de-cali","status":"publish","type":"post","link":"https:\/\/emisora.univalle.edu.co\/index.php\/tirar-paso-en-el-x-festival-mundial-de-salsa-de-cali\/","title":{"rendered":"A \u201ctirar paso\u201d en el X Festival Mundial de Salsa de Cali"},"content":{"rendered":"<p><span style=\"line-height: 1.5em;\">La salsa en todo su esplendor se lucir\u00e1 en este X Festival Mundial de Salsa Cali 2015, que se inicia hoy 28 de septiembre e ir\u00e1 hasta el 4 de octubre.<\/span><\/p>\n<p>Decir salsa es evocar el Caribe. Es sentir que ese ritmo hace parte de un fen\u00f3meno cultural enraizado en los sectores populares de Cali que exorcizan la tristeza por medio de la m\u00fasica y el baile.<\/p>\n<p>Hablar de salsa es invocar la felicidad que camina por los cuerpos de los danzantes. Es ver c\u00f3mo el acople y la armon\u00eda se transforman en pasos certeros y \u00e1giles con los que se descifran las notas musicales y transforman el baile en un espect\u00e1culo que maravilla y asombra a quien lo observa.<\/p>\n<p>La salsa es m\u00e1s que m\u00fasica. Es una pasi\u00f3n que se interioriza y se manifiesta en los pasos, giros, alzadas, quiebres y sonrisas que denotan la alegr\u00eda de quienes se expresan en movimiento y belleza.<\/p>\n<p>Y aunque la cuna de la salsa \u2013dicen- fue en New York o la Gran Manzana, la ciudad donde se concentra el mundo, en Cali est\u00e1n los mejores bailarines de este g\u00e9nero musical.<\/p>\n<p>De los barrios populares de la \u2018Sucursal del Cielo han surgido los m\u00e1s destacados bailarines, quienes con sus pasos \u00e1giles y precisos han conquistado los galardones que acreditan a Cali como \u201cLa Capital Mundial de la Salsa\u201d.<\/p>\n<p>En Estados Unidos, durante un tiempo impusieron para el baile el \u2018New York Style\u2019, que ten\u00eda su origen en las escuelas cubanas y puertorrique\u00f1as.<\/p>\n<p>Otros trataron de imponer \u2018Los Angeles Style\u2019, pero es el baile desarrollado en Cali el que logra ganarse la atenci\u00f3n del mundo. Hablar de baile de salsa es nombrar a Cali.<\/p>\n<p>Hoy, la Secretar\u00eda de Cultura y Turismo, orientada por Mar\u00eda Helena Qui\u00f1onez, prepar\u00f3 con esmero el X Festival Mundial de Salsa de Cali 2015 y nuevamente, el colorido de los atuendos, los giros que ponen el alma en vilo, y la belleza y armon\u00eda de los danzantes, estar\u00e1n en la mira del jurado y en la atenci\u00f3n de un p\u00fablico que cada vez sabe m\u00e1s de un tema que ha hecho suyo, que es parte de la cotidianidad.<\/p>\n<p>Los bailarines cale\u00f1os tienen fama en el mundo. Casi siempre, adonde van se traen los trofeos, los aplausos y la admiraci\u00f3n del p\u00fablico por esa especial capacidad que tienen de bailar.<\/p>\n<p>El baile de la salsa se ha convertido poco a poco en una industria cultural que exporta bailarines y con ellos la alegr\u00eda de la ciudad hacia los m\u00e1s diversos lugares del planeta en los que aprecian, valoran y tratan de aprender c\u00f3mo se baila en Cali.<\/p>\n<p>La salsa con su baile se ha ido a recorrer el mundo y a conquistar adeptos para oficiar en el templo de la alegr\u00eda su canto a la vida.<\/p>\n<p>Porque bailar salsa es m\u00e1s que armonizar pasos con m\u00fasica, es ejercer el derecho a la felicidad, es celebrar que el coraz\u00f3n palpita en la sangre y es tener entre los brazos un cuerpo para que la vida contin\u00fae.<\/p>\n<p>Fuente: comunicaciones Alcald\u00eda \u2013 Secretar\u00eda de Cultura<\/p>\n","protected":false},"excerpt":{"rendered":"<p>La salsa en todo su esplendor se lucir\u00e1 en este X Festival Mundial de Salsa Cali 2015, que se inicia hoy 28 de septiembre e ir\u00e1 hasta el 4 de octubre. Decir salsa es evocar el Caribe. Es sentir que ese ritmo hace parte de un fen\u00f3meno cultural enraizado en[&#8230;]<\/p>\n","protected":false},"author":1,"featured_media":7590,"comment_status":"open","ping_status":"open","sticky":false,"template":"","format":"standard","meta":{"footnotes":""},"categories":[4],"tags":[],"_links":{"self":[{"href":"https:\/\/emisora.univalle.edu.co\/index.php\/wp-json\/wp\/v2\/posts\/7612"}],"collection":[{"href":"https:\/\/emisora.univalle.edu.co\/index.php\/wp-json\/wp\/v2\/posts"}],"about":[{"href":"https:\/\/emisora.univalle.edu.co\/index.php\/wp-json\/wp\/v2\/types\/post"}],"author":[{"embeddable":true,"href":"https:\/\/emisora.univalle.edu.co\/index.php\/wp-json\/wp\/v2\/users\/1"}],"replies":[{"embeddable":true,"href":"https:\/\/emisora.univalle.edu.co\/index.php\/wp-json\/wp\/v2\/comments?post=7612"}],"version-history":[{"count":1,"href":"https:\/\/emisora.univalle.edu.co\/index.php\/wp-json\/wp\/v2\/posts\/7612\/revisions"}],"predecessor-version":[{"id":7613,"href":"https:\/\/emisora.univalle.edu.co\/index.php\/wp-json\/wp\/v2\/posts\/7612\/revisions\/7613"}],"wp:featuredmedia":[{"embeddable":true,"href":"https:\/\/emisora.univalle.edu.co\/index.php\/wp-json\/wp\/v2\/media\/7590"}],"wp:attachment":[{"href":"https:\/\/emisora.univalle.edu.co\/index.php\/wp-json\/wp\/v2\/media?parent=7612"}],"wp:term":[{"taxonomy":"category","embeddable":true,"href":"https:\/\/emisora.univalle.edu.co\/index.php\/wp-json\/wp\/v2\/categories?post=7612"},{"taxonomy":"post_tag","embeddable":true,"href":"https:\/\/emisora.univalle.edu.co\/index.php\/wp-json\/wp\/v2\/tags?post=7612"}],"curies":[{"name":"wp","href":"https:\/\/api.w.org\/{rel}","templated":true}]}}