{"id":7650,"date":"2015-10-05T16:07:11","date_gmt":"2015-10-05T21:07:11","guid":{"rendered":"https:\/\/emisora.univalle.edu.co\/\/?p=7650"},"modified":"2015-10-05T16:07:11","modified_gmt":"2015-10-05T21:07:11","slug":"nuevos-campeones-ratifican-cali-como-capital-mundial-de-salsa","status":"publish","type":"post","link":"https:\/\/emisora.univalle.edu.co\/index.php\/nuevos-campeones-ratifican-cali-como-capital-mundial-de-salsa\/","title":{"rendered":"Nuevos campeones ratifican a Cali como Capital Mundial de Salsa"},"content":{"rendered":"<p><span style=\"line-height: 1.5em;\">Con el himno popular de la ciudad, el Cali Pachanguero, interpretado por el Grupo Niche, se despidi\u00f3 el X Festival Mundial de Salsa de Cali, organizado por la Secretar\u00eda de Cultura y Turismo Municipal.<\/span><\/p>\n<p>La presentaci\u00f3n sirvi\u00f3 para conmemorar 35 a\u00f1os de trayectoria art\u00edstica de este grupo y la gala final del certamen salsero.<\/p>\n<p>En el festival participaron m\u00e1s de 3500 artistas, procedentes de Costa Rica, Argentina, Ecuador, M\u00e9xico, Estados Unidos, Puerto Rico, Guatemala, Suecia y Colombia.<\/p>\n<p>El Mundial cont\u00f3, adem\u00e1s, con talleres gratuitos de salsa,\u00a0 muestra comercial en los hoteles, conversatorios sobre el g\u00e9nero y una muestra del talento infantil.<\/p>\n<p>Luego de deliberar, el jurado internacional determin\u00f3 que los nuevos Campeones Mundiales de la Salsa son:<\/p>\n<p>Grupos Cabaret Amateur<\/p>\n<p>1er. Lugar\u00a0\u00a0\u00a0\u00a0\u00a0\u00a0 Imperio Juvenil<\/p>\n<p>2do.Lugar\u00a0\u00a0\u00a0\u00a0\u00a0\u00a0\u00a0 Estilo Salsero de Estilo y Sabor<\/p>\n<p>3er. Lugar\u00a0\u00a0\u00a0\u00a0\u00a0\u00a0\u00a0 Expresi\u00f3n Salsa y Swing<\/p>\n<p>Parejas Cale\u00f1o \u2013 Amateur<\/p>\n<p>1er.\u00a0 Lugar\u00a0\u00a0\u00a0\u00a0\u00a0\u00a0 Joan Sebasti\u00e1n Rojas y Mar\u00eda del Mar Valle<\/p>\n<p>2do. Lugar\u00a0\u00a0\u00a0\u00a0\u00a0\u00a0 Jeison\u00a0 Alexander Largo y Valentina Pinz\u00f3n<\/p>\n<p>3er.\u00a0 Lugar\u00a0\u00a0\u00a0\u00a0 \u00a0\u00a0Estefan\u00eda Rico y Hayber Lasso<\/p>\n<p>Grupos Emsamble<\/p>\n<p>1er.\u00a0 Lugar\u00a0\u00a0\u00a0\u00a0\u00a0\u00a0 Imperio Juvenil \u2013 La Banda Orquesta<\/p>\n<p>2do. Lugar\u00a0\u00a0\u00a0\u00a0\u00a0\u00a0 Pioneros del Ritmo \u2013 Salsa G<\/p>\n<p>3er.\u00a0 Lugar\u00a0\u00a0\u00a0\u00a0\u00a0\u00a0 Nueva Juventud \u2013 Estrada y su Cali Latino<\/p>\n<p>Parejas Cabaret Amateur<\/p>\n<p>1er. Lugar\u00a0\u00a0\u00a0\u00a0\u00a0\u00a0 Gabriel Arredondo y Adriana del Pilar Paz<\/p>\n<p>2do. Lugar\u00a0\u00a0\u00a0\u00a0\u00a0\u00a0 Leidy G\u00f3mez y Alirio Torres<\/p>\n<p>3er.\u00a0 Lugar\u00a0\u00a0\u00a0\u00a0\u00a0\u00a0 Ingrid Fernanda Manzano y Y\u00e9lber Londo\u00f1o<\/p>\n<p>Parejas ON 1 Profesional<\/p>\n<p>1er.\u00a0 Lugar\u00a0\u00a0\u00a0\u00a0\u00a0\u00a0 Stephan\u00eda Tasc\u00f3n y Andr\u00e9s Tasc\u00f3n<\/p>\n<p>2do. Lugar\u00a0\u00a0\u00a0\u00a0\u00a0\u00a0 Leidy Rivas y C\u00e9sar Escobar<\/p>\n<p>3er.\u00a0 Lugar\u00a0\u00a0\u00a0\u00a0\u00a0\u00a0 Maira Taborda y Juan David Bernal<\/p>\n<p>Grupos Cabaret Profesional<\/p>\n<p>1er. Lugar\u00a0\u00a0\u00a0\u00a0\u00a0\u00a0 Combinaci\u00f3n Rumbera<\/p>\n<p>2do. Lugar\u00a0\u00a0\u00a0\u00a0\u00a0\u00a0 Imperio Juvenil<\/p>\n<p>3er. Lugar\u00a0\u00a0\u00a0\u00a0\u00a0\u00a0 Juventud Rumbera de Yumbo<\/p>\n<p>Parejas Cabaret Profesional<\/p>\n<p>1er. Lugar\u00a0\u00a0\u00a0\u00a0\u00a0\u00a0 Angie Duque y Carlos Realpe<\/p>\n<p>2do. Lugar\u00a0\u00a0\u00a0\u00a0\u00a0\u00a0 Yinessa Ortega y Nilson Castro<\/p>\n<p>3er.\u00a0 Lugar\u00a0\u00a0\u00a0\u00a0\u00a0\u00a0 C\u00e9sar Vill\u00e1n y Emely Vaca<\/p>\n<p>Parejas Cale\u00f1o Profesional<\/p>\n<p>1er.\u00a0 Lugar\u00a0\u00a0\u00a0\u00a0 Zoraida Huila y Nilson Castro<\/p>\n<p>2do. Lugar\u00a0\u00a0\u00a0\u00a0 Yinessa Ortega y Andr\u00e9s Felipe Diez<\/p>\n<p>3er.\u00a0 Lugar\u00a0\u00a0\u00a0 Jhon Armando Casanova y Yirleanth Alejandra Puentes<\/p>\n<p>Parejas ON1\u00a0 &#8211; Amateur<\/p>\n<p>1er.\u00a0 Lugar\u00a0\u00a0\u00a0\u00a0\u00a0 Jhoan Sebasti\u00e1n Rojas y Mar\u00eda del Mar Valle<\/p>\n<p>2do. Lugar\u00a0\u00a0\u00a0\u00a0\u00a0\u00a0 Isabela Franco y Cristian Asprilla<\/p>\n<p>3er.\u00a0 Lugar\u00a0\u00a0\u00a0\u00a0\u00a0\u00a0 Valeria Piedrah\u00edta y Kevin Betancourt<\/p>\n<p>Grupos Cabaret Elite<\/p>\n<p>1er. Lugar\u00a0\u00a0\u00a0\u00a0\u00a0\u00a0 Constelaci\u00f3n Rumbera<\/p>\n<p>2do. Lugar\u00a0\u00a0\u00a0\u00a0\u00a0 Nueva Juventud<\/p>\n<p>3er. Lugar\u00a0\u00a0\u00a0\u00a0\u00a0\u00a0 Estudio Nacional de Baile \u2013 Ecuador<\/p>\n<p>Fuente: Comunicaciones Alcald\u00eda \u2013 Secretar\u00eda de Cultura<\/p>\n","protected":false},"excerpt":{"rendered":"<p>Con el himno popular de la ciudad, el Cali Pachanguero, interpretado por el Grupo Niche, se despidi\u00f3 el X Festival Mundial de Salsa de Cali, organizado por la Secretar\u00eda de Cultura y Turismo Municipal. La presentaci\u00f3n sirvi\u00f3 para conmemorar 35 a\u00f1os de trayectoria art\u00edstica de este grupo y la gala[&#8230;]<\/p>\n","protected":false},"author":1,"featured_media":7640,"comment_status":"open","ping_status":"open","sticky":false,"template":"","format":"standard","meta":{"footnotes":""},"categories":[4],"tags":[],"_links":{"self":[{"href":"https:\/\/emisora.univalle.edu.co\/index.php\/wp-json\/wp\/v2\/posts\/7650"}],"collection":[{"href":"https:\/\/emisora.univalle.edu.co\/index.php\/wp-json\/wp\/v2\/posts"}],"about":[{"href":"https:\/\/emisora.univalle.edu.co\/index.php\/wp-json\/wp\/v2\/types\/post"}],"author":[{"embeddable":true,"href":"https:\/\/emisora.univalle.edu.co\/index.php\/wp-json\/wp\/v2\/users\/1"}],"replies":[{"embeddable":true,"href":"https:\/\/emisora.univalle.edu.co\/index.php\/wp-json\/wp\/v2\/comments?post=7650"}],"version-history":[{"count":1,"href":"https:\/\/emisora.univalle.edu.co\/index.php\/wp-json\/wp\/v2\/posts\/7650\/revisions"}],"predecessor-version":[{"id":7651,"href":"https:\/\/emisora.univalle.edu.co\/index.php\/wp-json\/wp\/v2\/posts\/7650\/revisions\/7651"}],"wp:featuredmedia":[{"embeddable":true,"href":"https:\/\/emisora.univalle.edu.co\/index.php\/wp-json\/wp\/v2\/media\/7640"}],"wp:attachment":[{"href":"https:\/\/emisora.univalle.edu.co\/index.php\/wp-json\/wp\/v2\/media?parent=7650"}],"wp:term":[{"taxonomy":"category","embeddable":true,"href":"https:\/\/emisora.univalle.edu.co\/index.php\/wp-json\/wp\/v2\/categories?post=7650"},{"taxonomy":"post_tag","embeddable":true,"href":"https:\/\/emisora.univalle.edu.co\/index.php\/wp-json\/wp\/v2\/tags?post=7650"}],"curies":[{"name":"wp","href":"https:\/\/api.w.org\/{rel}","templated":true}]}}