{"id":7656,"date":"2015-10-05T16:16:56","date_gmt":"2015-10-05T21:16:56","guid":{"rendered":"https:\/\/emisora.univalle.edu.co\/\/?p=7656"},"modified":"2015-10-05T16:16:56","modified_gmt":"2015-10-05T21:16:56","slug":"los-geografos-en-la-construccion-de-paz","status":"publish","type":"post","link":"https:\/\/emisora.univalle.edu.co\/index.php\/los-geografos-en-la-construccion-de-paz\/","title":{"rendered":"Los ge\u00f3grafos en la construcci\u00f3n de paz"},"content":{"rendered":"<p><span style=\"line-height: 1.5em;\">\u00a0\u201cLos ge\u00f3grafos juegan un papel importante para contribuir a un reordenamiento territorial rural m\u00e1s equilibrado, que asegure condiciones de paz estables y duraderas\u201d, as\u00ed lo consideran los organizadores del XXI Congreso Colombiano de Geograf\u00eda, \u201cTransformaciones territoriales y sociedades en conflictos\u201d, que tendr\u00e1 lugar en la Universidad del Valle del 7 al 10 de Octubre de 2015.<\/span><\/p>\n<p>El Congreso, organizado por el Departamento de Geograf\u00eda de la Universidad del Valle y la Asociaci\u00f3n Colombiana de Ge\u00f3grafos \u2013ACOGE y tiene entre sus temas principales el Medio rural: alternativas en escenarios de conflicto y pos-conflicto, ya que \u201ca los tradicionales conflictos territoriales que se evidencian en el medio rural en los pa\u00edses en desarrollo, se suman aquellos que son prioritarios en una sociedad con un conflicto social y armado tan complejo como el que vive Colombia, en donde los grandes desequilibrios territoriales obligan a realizar transformaciones estructurales de fondo, que abran los espacios a nuevas relaciones que consoliden el tejido social en una etapa de posconflicto\u201d.<\/p>\n<p>Otros temas que tratar\u00e1 el Congreso son: Gesti\u00f3n territorial del riesgo, cambio y adaptaci\u00f3n clim\u00e1ticas en el Siglo XXI; Educaci\u00f3n geogr\u00e1fica: por una pedagog\u00eda del espacio; Reflexiones y debates te\u00f3ricos en Geograf\u00eda; Ordenamiento territorial, din\u00e1micas urbanas y procesos de regionalizaci\u00f3n; Conflictos ambientales y territorio; TIGs, territorios y comunidades<\/p>\n<p>El Congreso espera reunir a la comunidad nacional de ge\u00f3grafos, licenciados en ciencias sociales y de otras disciplinas que tengan como campo de trabajo al espacio y el territorio, para que con sus investigaciones, reflexiones o teorizaciones contribuyan al avance de la Geograf\u00eda y de las Ciencias Sociales.<\/p>\n<p>Asimismo, espera fomentar el intercambio de ideas y de informaci\u00f3n entre profesionales y cient\u00edficos de las \u00e1reas de las Ciencias de la Tierra y Humanas, y\u00a0 establecer acercamientos entre la comunidad geogr\u00e1fica y de las ciencias sociales con la sociedad civil, para propiciar encuentros que redunden en la comprensi\u00f3n de problemas que aquejan a las comunidades y en su soluci\u00f3n; contribuyendo, de paso, a formar mejores ciudadanos y una cultura de responsabilidad y respeto frente a los recursos naturales y el medio ambiente.<\/p>\n<p>Ver programaci\u00f3n: ttps:\/\/www.dropbox.com\/s\/07al4i3xunzb5f9\/Programaci%C3%B3n%20XXI%20Congreso%20Geograf%C3%ADa%20OCTUBRE%20PUBLICADO%20EN%20LA%20PAGINA.pdf?dl=0<\/p>\n<p>Fuente: Agencia de Noticias Univalle<\/p>\n","protected":false},"excerpt":{"rendered":"<p>\u00a0\u201cLos ge\u00f3grafos juegan un papel importante para contribuir a un reordenamiento territorial rural m\u00e1s equilibrado, que asegure condiciones de paz estables y duraderas\u201d, as\u00ed lo consideran los organizadores del XXI Congreso Colombiano de Geograf\u00eda, \u201cTransformaciones territoriales y sociedades en conflictos\u201d, que tendr\u00e1 lugar en la Universidad del Valle del 7[&#8230;]<\/p>\n","protected":false},"author":1,"featured_media":7643,"comment_status":"open","ping_status":"open","sticky":false,"template":"","format":"standard","meta":{"footnotes":""},"categories":[4],"tags":[],"_links":{"self":[{"href":"https:\/\/emisora.univalle.edu.co\/index.php\/wp-json\/wp\/v2\/posts\/7656"}],"collection":[{"href":"https:\/\/emisora.univalle.edu.co\/index.php\/wp-json\/wp\/v2\/posts"}],"about":[{"href":"https:\/\/emisora.univalle.edu.co\/index.php\/wp-json\/wp\/v2\/types\/post"}],"author":[{"embeddable":true,"href":"https:\/\/emisora.univalle.edu.co\/index.php\/wp-json\/wp\/v2\/users\/1"}],"replies":[{"embeddable":true,"href":"https:\/\/emisora.univalle.edu.co\/index.php\/wp-json\/wp\/v2\/comments?post=7656"}],"version-history":[{"count":1,"href":"https:\/\/emisora.univalle.edu.co\/index.php\/wp-json\/wp\/v2\/posts\/7656\/revisions"}],"predecessor-version":[{"id":7657,"href":"https:\/\/emisora.univalle.edu.co\/index.php\/wp-json\/wp\/v2\/posts\/7656\/revisions\/7657"}],"wp:featuredmedia":[{"embeddable":true,"href":"https:\/\/emisora.univalle.edu.co\/index.php\/wp-json\/wp\/v2\/media\/7643"}],"wp:attachment":[{"href":"https:\/\/emisora.univalle.edu.co\/index.php\/wp-json\/wp\/v2\/media?parent=7656"}],"wp:term":[{"taxonomy":"category","embeddable":true,"href":"https:\/\/emisora.univalle.edu.co\/index.php\/wp-json\/wp\/v2\/categories?post=7656"},{"taxonomy":"post_tag","embeddable":true,"href":"https:\/\/emisora.univalle.edu.co\/index.php\/wp-json\/wp\/v2\/tags?post=7656"}],"curies":[{"name":"wp","href":"https:\/\/api.w.org\/{rel}","templated":true}]}}