{"id":7658,"date":"2015-10-05T16:38:50","date_gmt":"2015-10-05T21:38:50","guid":{"rendered":"https:\/\/emisora.univalle.edu.co\/\/?p=7658"},"modified":"2015-10-05T16:38:50","modified_gmt":"2015-10-05T21:38:50","slug":"semana-de-la-investigacion-social-y-economica","status":"publish","type":"post","link":"https:\/\/emisora.univalle.edu.co\/index.php\/semana-de-la-investigacion-social-y-economica\/","title":{"rendered":"Semana de la investigaci\u00f3n social y econ\u00f3mica"},"content":{"rendered":"<p><span style=\"line-height: 1.5em;\">\u00a0La Facultad de Ciencias Sociales y Econ\u00f3micas organiza la Semana de la Investigaci\u00f3n Social y Econ\u00f3mica, en el marco de la Semana Universitaria, evento anual de la Universidad del Valle, entre el 13 y el 16 de octubre de 2015, en el Campus Mel\u00e9ndez.<\/span><\/p>\n<p>En este evento se llevar\u00e1n a cabo actividades que buscan dar cuenta de la extensa labor investigativa y cient\u00edfica que tiene lugar en la Facultad; entre las m\u00e1s destacadas se cuenta el lanzamiento del Observatorio de Problemas Urbanos de la ciudad de Cali, un programa de investigaci\u00f3n de largo aliento que se pretende desarrollar en los pr\u00f3ximos a\u00f1os y que busca investigar los grandes problemas de la ciudad y su \u00e1rea de influencia, para contribuir desde la academia a la formulaci\u00f3n de pol\u00edticas p\u00fablicas orientadas a su soluci\u00f3n.<\/p>\n<p>Durante la semana se dar\u00e1 cita a destacados investigadores y actores sociales en un panel sobre temas de la ciudad; tambi\u00e9n habr\u00e1 un panel y un conversatorio con el docente e investigador de El Colegio de M\u00e9xico Minor Mora que se reunir\u00e1 con estudiantes de pre y posgrado; se presentar\u00e1n adem\u00e1s los proyectos de investigaci\u00f3n vigentes, as\u00ed como las m\u00e1s recientes publicaciones de docentes e investigadores de la Facultad.<\/p>\n<p>Como novedad, este a\u00f1o se llevar\u00e1 a cabo un concurso de posters sobre investigaciones en ciencias sociales y econ\u00f3micas, con el que se busca incentivar esta modalidad de presentaci\u00f3n de investigaciones en el \u00e1rea de las ciencias sociales y econ\u00f3micas.<\/p>\n<p>Ver programaci\u00f3n: <a href=\"http:\/\/socioeconomia.univalle.edu.co\/index.php\/92-noticias-y-eventos\/1098#contenido\">http:\/\/socioeconomia.univalle.edu.co\/index.php\/92-noticias-y-eventos\/1098#contenido<\/a><\/p>\n<p>Fuente: Agencia de Noticias Univalle<\/p>\n","protected":false},"excerpt":{"rendered":"<p>\u00a0La Facultad de Ciencias Sociales y Econ\u00f3micas organiza la Semana de la Investigaci\u00f3n Social y Econ\u00f3mica, en el marco de la Semana Universitaria, evento anual de la Universidad del Valle, entre el 13 y el 16 de octubre de 2015, en el Campus Mel\u00e9ndez. En este evento se llevar\u00e1n a[&#8230;]<\/p>\n","protected":false},"author":1,"featured_media":7638,"comment_status":"open","ping_status":"open","sticky":false,"template":"","format":"standard","meta":{"footnotes":""},"categories":[4],"tags":[],"_links":{"self":[{"href":"https:\/\/emisora.univalle.edu.co\/index.php\/wp-json\/wp\/v2\/posts\/7658"}],"collection":[{"href":"https:\/\/emisora.univalle.edu.co\/index.php\/wp-json\/wp\/v2\/posts"}],"about":[{"href":"https:\/\/emisora.univalle.edu.co\/index.php\/wp-json\/wp\/v2\/types\/post"}],"author":[{"embeddable":true,"href":"https:\/\/emisora.univalle.edu.co\/index.php\/wp-json\/wp\/v2\/users\/1"}],"replies":[{"embeddable":true,"href":"https:\/\/emisora.univalle.edu.co\/index.php\/wp-json\/wp\/v2\/comments?post=7658"}],"version-history":[{"count":1,"href":"https:\/\/emisora.univalle.edu.co\/index.php\/wp-json\/wp\/v2\/posts\/7658\/revisions"}],"predecessor-version":[{"id":7659,"href":"https:\/\/emisora.univalle.edu.co\/index.php\/wp-json\/wp\/v2\/posts\/7658\/revisions\/7659"}],"wp:featuredmedia":[{"embeddable":true,"href":"https:\/\/emisora.univalle.edu.co\/index.php\/wp-json\/wp\/v2\/media\/7638"}],"wp:attachment":[{"href":"https:\/\/emisora.univalle.edu.co\/index.php\/wp-json\/wp\/v2\/media?parent=7658"}],"wp:term":[{"taxonomy":"category","embeddable":true,"href":"https:\/\/emisora.univalle.edu.co\/index.php\/wp-json\/wp\/v2\/categories?post=7658"},{"taxonomy":"post_tag","embeddable":true,"href":"https:\/\/emisora.univalle.edu.co\/index.php\/wp-json\/wp\/v2\/tags?post=7658"}],"curies":[{"name":"wp","href":"https:\/\/api.w.org\/{rel}","templated":true}]}}