{"id":7660,"date":"2015-10-05T16:45:19","date_gmt":"2015-10-05T21:45:19","guid":{"rendered":"https:\/\/emisora.univalle.edu.co\/\/?p=7660"},"modified":"2016-02-02T11:07:44","modified_gmt":"2016-02-02T16:07:44","slug":"llegan-cali-senales-de-paz","status":"publish","type":"post","link":"https:\/\/emisora.univalle.edu.co\/index.php\/llegan-cali-senales-de-paz\/","title":{"rendered":"Llegan a Cali \u201cSe\u00f1ales de Paz\u201d!"},"content":{"rendered":"<p><b style=\"line-height: 1.5em;\"><i><a href=\"https:\/\/emisora.univalle.edu.co\/\/wp-content\/uploads\/2015\/10\/Se\u00f1ales-de-paz.jpg\" data-lightbox=\"gal[7660]\"><img loading=\"lazy\" decoding=\"async\" class=\" wp-image-7645 alignleft\" alt=\"Se\u00f1ales de paz\" src=\"https:\/\/emisora.univalle.edu.co\/\/wp-content\/uploads\/2015\/10\/Se\u00f1ales-de-paz.jpg\" width=\"403\" height=\"226\" srcset=\"https:\/\/emisora.univalle.edu.co\/wp-content\/uploads\/2015\/10\/Se\u00f1ales-de-paz.jpg 960w, https:\/\/emisora.univalle.edu.co\/wp-content\/uploads\/2015\/10\/Se\u00f1ales-de-paz-300x168.jpg 300w, https:\/\/emisora.univalle.edu.co\/wp-content\/uploads\/2015\/10\/Se\u00f1ales-de-paz-438x246.jpg 438w\" sizes=\"(max-width: 403px) 100vw, 403px\" \/><\/a>Productores y directores de radio comunitaria o \u00a0de inter\u00e9s p\u00fablico y centros de producci\u00f3n radial completan su proceso de formaci\u00f3n en la Universidad del Valle.<\/i><\/b><\/p>\n<p>El Ministerio de Cultura, la Fundaci\u00f3n Universidad del Valle y la emisora Univalle Est\u00e9reo 105.3 FM desarrollan el Diplomado \u201cSe\u00f1ales de Paz\u201d comunicaci\u00f3n \u2013 radio \u2013 cultura, un proceso educativo y cultural con productores radiales\u00a0 de emisoras comunitarias o de inter\u00e9s p\u00fablico \u00a0y centros de producci\u00f3n radial de todo el pa\u00eds.<a href=\"https:\/\/emisora.univalle.edu.co\/\/wp-content\/uploads\/2015\/10\/Se\u00f1ales-de-paz1.jpg\" data-lightbox=\"gal[7660]\"><img loading=\"lazy\" decoding=\"async\" class=\"alignright  wp-image-7646\" alt=\"Se\u00f1ales de paz1\" src=\"https:\/\/emisora.univalle.edu.co\/\/wp-content\/uploads\/2015\/10\/Se\u00f1ales-de-paz1.jpg\" width=\"403\" height=\"226\" srcset=\"https:\/\/emisora.univalle.edu.co\/wp-content\/uploads\/2015\/10\/Se\u00f1ales-de-paz1.jpg 960w, https:\/\/emisora.univalle.edu.co\/wp-content\/uploads\/2015\/10\/Se\u00f1ales-de-paz1-300x168.jpg 300w, https:\/\/emisora.univalle.edu.co\/wp-content\/uploads\/2015\/10\/Se\u00f1ales-de-paz1-438x246.jpg 438w\" sizes=\"(max-width: 403px) 100vw, 403px\" \/><\/a><\/p>\n<p>El diplomado hace parte de los procesos de formaci\u00f3n que el Ministerio de Cultura est\u00e1 desarrollando con las comunidades de todo el pa\u00eds, promueve la construcci\u00f3n de una Cultura de Paz en Colombia.<\/p>\n<p>El programa formativo \u00a0inici\u00f3 \u00a0el 24 de agosto en su etapa virtual. Los 30 participantes de diferentes partes de Colombia, se contactaron por internet con sus educadores para desarrollar su proceso de formaci\u00f3n en la etapa virtual del Diplomado.<\/p>\n<p><a href=\"https:\/\/emisora.univalle.edu.co\/\/wp-content\/uploads\/2015\/10\/Se\u00f1ales-de-paz2.jpg\" data-lightbox=\"gal[7660]\"><img loading=\"lazy\" decoding=\"async\" class=\" wp-image-7647 alignleft\" alt=\"Se\u00f1ales de paz2\" src=\"https:\/\/emisora.univalle.edu.co\/\/wp-content\/uploads\/2015\/10\/Se\u00f1ales-de-paz2.jpg\" width=\"403\" height=\"226\" srcset=\"https:\/\/emisora.univalle.edu.co\/wp-content\/uploads\/2015\/10\/Se\u00f1ales-de-paz2.jpg 960w, https:\/\/emisora.univalle.edu.co\/wp-content\/uploads\/2015\/10\/Se\u00f1ales-de-paz2-300x168.jpg 300w, https:\/\/emisora.univalle.edu.co\/wp-content\/uploads\/2015\/10\/Se\u00f1ales-de-paz2-438x246.jpg 438w\" sizes=\"(max-width: 403px) 100vw, 403px\" \/><\/a>La capacitaci\u00f3n est\u00e1 siendo desarrollada por el maestro Jos\u00e9 Ignacio L\u00f3pez Vigil investigador reconocido en todo el continente y productor radial fundador de AMARC (Asociaci\u00f3n Mundial de Radios Comunitarias) para Latinoam\u00e9rica \u00a0y los\u00a0 comunicadores docentes Jos\u00e9 Luis Valderrama, coordinador acad\u00e9mico del diplomado, egresado de la Universidad del Valle, Jorge Caicedo, Director del programa de Comunicaci\u00f3n Social de la Universidad del Valle y Carlos Morales Comunicador Social-Periodista tambi\u00e9n de la Universidad del Valle.<\/p>\n<p>Para la selecci\u00f3n de los 30 productores radiales, el Ministerio de Cultura, la Fundaci\u00f3n Universidad del Valle y la emisora Univalle Est\u00e9reo, abrieron una convocatoria a nivel nacional, logrando la participaci\u00f3n de casi 80 directores y productores radiales de diferentes poblaciones del pa\u00eds, quienes enviaron propuestas de proyectos radiales enfocados a construir una cultura de paz en sus comunidades.<a href=\"https:\/\/emisora.univalle.edu.co\/\/wp-content\/uploads\/2015\/10\/Se\u00f1ales-de-paz3.jpg\" data-lightbox=\"gal[7660]\"><img loading=\"lazy\" decoding=\"async\" class=\"alignright  wp-image-7648\" alt=\"Se\u00f1ales de paz3\" src=\"https:\/\/emisora.univalle.edu.co\/\/wp-content\/uploads\/2015\/10\/Se\u00f1ales-de-paz3.jpg\" width=\"415\" height=\"232\" srcset=\"https:\/\/emisora.univalle.edu.co\/wp-content\/uploads\/2015\/10\/Se\u00f1ales-de-paz3.jpg 960w, https:\/\/emisora.univalle.edu.co\/wp-content\/uploads\/2015\/10\/Se\u00f1ales-de-paz3-300x168.jpg 300w, https:\/\/emisora.univalle.edu.co\/wp-content\/uploads\/2015\/10\/Se\u00f1ales-de-paz3-438x246.jpg 438w\" sizes=\"(max-width: 415px) 100vw, 415px\" \/><\/a><\/p>\n<p>Ahora \u201cSe\u00f1ales de Paz\u201d llega a su etapa presencial en las aulas de la Universidad del Valle a partir del lunes 5 de octubre y culminar\u00e1n su etapa formativa el 10 de octubre. Desde el Tarra, Norte de Santander hasta Nari\u00f1o y desde El Choc\u00f3 hasta el oriente del pa\u00eds, llegar\u00e1n los estudiantes que fueron beneficiarios\u00a0 de las 30 becas acad\u00e9micas otorgadas por el Ministerio de Cultura y la Fundaci\u00f3n Universidad del Valle-Univalle Est\u00e9reo.<\/p>\n<p style=\"text-align: center;\"><a href=\"https:\/\/emisora.univalle.edu.co\/\/wp-content\/uploads\/2015\/10\/Se\u00f1ales-de-paz4.jpg\" data-lightbox=\"gal[7660]\"><img loading=\"lazy\" decoding=\"async\" class=\" wp-image-7649 aligncenter\" alt=\"Se\u00f1ales de paz4\" src=\"https:\/\/emisora.univalle.edu.co\/\/wp-content\/uploads\/2015\/10\/Se\u00f1ales-de-paz4.jpg\" width=\"518\" height=\"291\" srcset=\"https:\/\/emisora.univalle.edu.co\/wp-content\/uploads\/2015\/10\/Se\u00f1ales-de-paz4.jpg 960w, https:\/\/emisora.univalle.edu.co\/wp-content\/uploads\/2015\/10\/Se\u00f1ales-de-paz4-300x168.jpg 300w, https:\/\/emisora.univalle.edu.co\/wp-content\/uploads\/2015\/10\/Se\u00f1ales-de-paz4-438x246.jpg 438w\" sizes=\"(max-width: 518px) 100vw, 518px\" \/><\/a><\/p>\n<p style=\"text-align: center;\">\n","protected":false},"excerpt":{"rendered":"<p>Productores y directores de radio comunitaria o \u00a0de inter\u00e9s p\u00fablico y centros de producci\u00f3n radial completan su proceso de formaci\u00f3n en la Universidad del Valle. El Ministerio de Cultura, la Fundaci\u00f3n Universidad del Valle y la emisora Univalle Est\u00e9reo 105.3 FM desarrollan el Diplomado \u201cSe\u00f1ales de Paz\u201d comunicaci\u00f3n \u2013 radio[&#8230;]<\/p>\n","protected":false},"author":1,"featured_media":7646,"comment_status":"open","ping_status":"open","sticky":false,"template":"","format":"standard","meta":{"footnotes":""},"categories":[4],"tags":[],"_links":{"self":[{"href":"https:\/\/emisora.univalle.edu.co\/index.php\/wp-json\/wp\/v2\/posts\/7660"}],"collection":[{"href":"https:\/\/emisora.univalle.edu.co\/index.php\/wp-json\/wp\/v2\/posts"}],"about":[{"href":"https:\/\/emisora.univalle.edu.co\/index.php\/wp-json\/wp\/v2\/types\/post"}],"author":[{"embeddable":true,"href":"https:\/\/emisora.univalle.edu.co\/index.php\/wp-json\/wp\/v2\/users\/1"}],"replies":[{"embeddable":true,"href":"https:\/\/emisora.univalle.edu.co\/index.php\/wp-json\/wp\/v2\/comments?post=7660"}],"version-history":[{"count":2,"href":"https:\/\/emisora.univalle.edu.co\/index.php\/wp-json\/wp\/v2\/posts\/7660\/revisions"}],"predecessor-version":[{"id":9605,"href":"https:\/\/emisora.univalle.edu.co\/index.php\/wp-json\/wp\/v2\/posts\/7660\/revisions\/9605"}],"wp:featuredmedia":[{"embeddable":true,"href":"https:\/\/emisora.univalle.edu.co\/index.php\/wp-json\/wp\/v2\/media\/7646"}],"wp:attachment":[{"href":"https:\/\/emisora.univalle.edu.co\/index.php\/wp-json\/wp\/v2\/media?parent=7660"}],"wp:term":[{"taxonomy":"category","embeddable":true,"href":"https:\/\/emisora.univalle.edu.co\/index.php\/wp-json\/wp\/v2\/categories?post=7660"},{"taxonomy":"post_tag","embeddable":true,"href":"https:\/\/emisora.univalle.edu.co\/index.php\/wp-json\/wp\/v2\/tags?post=7660"}],"curies":[{"name":"wp","href":"https:\/\/api.w.org\/{rel}","templated":true}]}}