{"id":7675,"date":"2015-10-06T15:31:21","date_gmt":"2015-10-06T20:31:21","guid":{"rendered":"https:\/\/emisora.univalle.edu.co\/\/?p=7675"},"modified":"2015-10-06T15:35:37","modified_gmt":"2015-10-06T20:35:37","slug":"xii-semana-de-la-ingenieria-en-univalle","status":"publish","type":"post","link":"https:\/\/emisora.univalle.edu.co\/index.php\/xii-semana-de-la-ingenieria-en-univalle\/","title":{"rendered":"XII Semana de la Ingenier\u00eda en Univalle"},"content":{"rendered":"<p><span style=\"line-height: 1.5em;\">En el a\u00f1o 2015 la Facultad de Ingenier\u00eda cumple 70 a\u00f1os junto con la Universidad del Valle, siendo la instituci\u00f3n acad\u00e9mica m\u00e1s importante del suroccidente colombiano y creando alternativas de producci\u00f3n sostenibles, fomentando la labor investigativa y formando profesionales altamente calificados.<\/span><\/p>\n<p>Por eso la Facultad de Ingenier\u00eda celebrar\u00e1 su septuag\u00e9simo aniversario del 9 al 16 de octubre de 2015, con actividades acad\u00e9micas en las que participar\u00e1n estudiantes, egresados y funcionarios.<\/p>\n<p>En esta semana de celebraci\u00f3n se realizar\u00e1n actividades permanentes como el 8\u00ba Simposio de Investigaciones, del 13 al 16 de Octubre, en cada escuela de la Facultad de Ingenier\u00eda. En el Simposio se desarrollar\u00e1n charlas y seminarios para presentar los resultados de investigaci\u00f3n de \u00e1reas de la Ingenier\u00eda. Consulte la programaci\u00f3n completa del Simposio<\/p>\n<p>Adem\u00e1s, se realizar\u00e1 una Exposici\u00f3n Fotogr\u00e1fica que rese\u00f1ar\u00e1 la evoluci\u00f3n de la Facultad de Ingenier\u00eda y de sus unidades acad\u00e9micas a trav\u00e9s de los a\u00f1os. Su apertura ser\u00e1 el mi\u00e9rcoles 14 de octubre a las 03:00 p.m. y estar\u00e1 abierta al p\u00fablico durante toda la semana en la plazoleta de ingenier\u00eda.<\/p>\n<p>Programaci\u00f3n XII Semana de la Ingenier\u00eda<\/p>\n<p>Viernes 9 de Octubre de 2015<\/p>\n<p>Coctel Conmemoraci\u00f3n 70 A\u00f1os Facultad de Ingenier\u00eda<\/p>\n<p>Lugar: Hotel NH ROYAL<\/p>\n<p>Hora: 6:00 p.m. -9:00 p.m.<\/p>\n<p>Invitados: Docentes, Directivos, Agremiaciones, Medios comunicaci\u00f3n<\/p>\n<p>Martes 13 de Octubre de 2015<\/p>\n<p><b>8\u00ba Simposio de Investigaciones<\/b><\/p>\n<p>Investigaci\u00f3n en la Facultad de Ingenier\u00eda: Conversatorio con los Grupos de Investigaci\u00f3n<\/p>\n<p>Conferencista: profesores Ferley Castro y Patricia Torres<\/p>\n<p>Lugar: sal\u00f3n Valle del Cauca<\/p>\n<p>Hora: 08:00 a.m. -10:00 a.m.<\/p>\n<p>Invitados: Consejo de Facultad, Comit\u00e9 Investigaciones, Comit\u00e9 Posgrados, Directores Grupos<\/p>\n<p><b>Perfil del Ingeniero en el Siglo XXI<\/b><\/p>\n<p>Conferencista: Vicente Alb\u00e9niz<\/p>\n<p>Lugar: sal\u00f3n valle del cauca<\/p>\n<p>Hora: 10:00 a.m. \u2013 12:00 m<\/p>\n<p>Invitados: Claustro de profesores<\/p>\n<p><b>Clase de Zumba<\/b><\/p>\n<p>Lugar: Plazoleta de Ingenier\u00eda<\/p>\n<p>Hora: 6:00 p.m. -8:00 p.m.<\/p>\n<p>Abierto al p\u00fablico<\/p>\n<p>Mi\u00e9rcoles 14 de Octubre de 2015<\/p>\n<p><b>Acto de Conmemoraci\u00f3n 70 A\u00f1os <\/b><\/p>\n<p>Lugar: Auditorio No. 5<\/p>\n<p>Hora: 9:00 a.m. -1:00 p.m.<\/p>\n<p>Abierto al p\u00fablico<\/p>\n<p><b>Exposici\u00f3n Fotogr\u00e1fica<\/b><\/p>\n<p>Apertura de la exposici\u00f3n fotogr\u00e1fica sobre la Historia y Evoluci\u00f3n de la Facultad, estar\u00e1 abierta hasta el 16 de octubre.<\/p>\n<p>Lugar: Plazoleta de Ingenier\u00eda<\/p>\n<p>Hora: 3:00 p.m. -6:00 p.m.<\/p>\n<p>Abierto al p\u00fablico<\/p>\n<p><b>Muestra Art\u00edstica y Cultural<\/b><\/p>\n<p>Mi\u00e9rcoles, jueves y viernes de 5:00 p.m. a 07:00 p.m., se realizar\u00e1n presentaciones de los distintos grupos de danza, cuenteros del \u2018Perol\u2019 con invitados nacionales y otras expresiones culturales.<\/p>\n<p>Lugar: Plazoleta de Ingenier\u00eda<\/p>\n<p>Hora: 5:00 p.m. -7:00 p.m.<\/p>\n<p>Abierto al p\u00fablico<\/p>\n<p>Jueves 15 de Octubre de 2015<\/p>\n<p><b>Investigaci\u00f3n Aplicada para Crear Mi pymes Competitivas: Caso Aplicado a la C\u00e1mara Hiperb\u00e1rica<\/b><\/p>\n<p>Conferencista: Juan Felipe Mej\u00eda<\/p>\n<p>Lugar: sal\u00f3n Valle del Cauca<\/p>\n<p>Hora: 10:00 a.m. \u2013 12:00 m<\/p>\n<p>Invitados: Estudiantes de Pregrado y Posgrado<\/p>\n<p><b>Muestra Empresarial y Tecnol\u00f3gica<\/b><\/p>\n<p>Espacio acad\u00e9mico &#8211; pedag\u00f3gico que fomenta entre los j\u00f3venes emprendedores, el desarrollo de su creatividad, ingenio e inter\u00e9s empresarial. Ser\u00e1 presentada por estudiantes y egresados como un espacio para exhibir prototipos de tecnolog\u00eda de los proyectos de las c\u00e1tedras de los estudiantes y aplicaciones de TICS.<\/p>\n<p>Lugar: Plazoleta de Ingenier\u00eda<\/p>\n<p>Hora: 11:00 a.m. -7:00 p.m.<\/p>\n<p>Abierto al p\u00fablico<\/p>\n<p><b>Torneo de Videojuegos, Domin\u00f3 y Final de F\u00fatbol<\/b><\/p>\n<p>Lugar: Plazoleta de Ingenier\u00eda y Canchas del CDU<\/p>\n<p>Hora: 12:00 m &#8211; 02:00 p.m.<\/p>\n<p>Abierto al p\u00fablico<\/p>\n<p>Final de Voleibol<\/p>\n<p>Lugar: Canchas del CDU<\/p>\n<p>Hora: 02:00 p.m. &#8211; 04:00 p.m.<\/p>\n<p>Abierto al P\u00fablico<\/p>\n<p><b>Muestra Art\u00edstica y Cultural<\/b><\/p>\n<p>Se realizar\u00e1n presentaciones del Grupo de Danzas Andinas y Tradicionales \u2018Sumak Kawsay\u2019, cuenteros del \u2018Perol\u2019 con invitados nacionales y otras expresiones culturales.<\/p>\n<p>Lugar: Plazoleta de Ingenier\u00eda<\/p>\n<p>Hora: 5:00 p.m. -7:00 p.m.<\/p>\n<p>Abierto al p\u00fablico<\/p>\n<p>Viernes 16 de Octubre de 2015<\/p>\n<p><b>Charla Informativa sobre Programa para J\u00f3venes Ingenieros y sus Oportunidades de Estudios, Investigaci\u00f3n y Becas en Alemania<\/b><\/p>\n<p>Conferencista: Andreas Hetzer<\/p>\n<p>Lugar: sal\u00f3n Valle del Cauca<\/p>\n<p>Hora: 10:00 a.m. \u2013 12:00 m<\/p>\n<p>Invitados: Estudiantes de Pregrado y Posgrado<\/p>\n<p><b>Premiaciones<\/b><\/p>\n<p>Se entregar\u00e1 reconocimiento a los estudiantes que dise\u00f1en el mural ganador de la plazoleta de ingenier\u00eda.<\/p>\n<p>Lugar: Plazoleta de Ingenier\u00eda<\/p>\n<p>Hora: 10:00 a.m.<\/p>\n<p>Abierto al p\u00fablico<\/p>\n<p><b>Muestra Empresarial y Tecnol\u00f3gica<\/b><\/p>\n<p>Lugar: Plazoleta de Ingenier\u00eda<\/p>\n<p>Hora: 11:00 a.m. -5:00 p.m.<\/p>\n<p>Abierto al p\u00fablico<\/p>\n<p><b>Jornada Deportiva<\/b><\/p>\n<p>Se realizar\u00e1n diferentes actividades como muro de escalar y partido de f\u00fatbol.<\/p>\n<p>Lugar: Plazoleta de Ingenier\u00eda<\/p>\n<p>Hora: 11:00 a.m. \u2013 5:00 p.m.<\/p>\n<p>Abierto al p\u00fablico<\/p>\n<p><b>Inscripciones para la Yincana<\/b><\/p>\n<p>Lugar: Plazoleta de Ingenier\u00eda<\/p>\n<p>Hora: 12:00 m<\/p>\n<p>Invitados: Estudiantes de Ingenier\u00eda<\/p>\n<p><b>Yincana<\/b><\/p>\n<p>Lugar: Facultad de Ingenier\u00eda<\/p>\n<p>Hora: 02:00 p.m. &#8211; 04:00 p.m.<\/p>\n<p>Abierto al p\u00fablico<\/p>\n<p><b>Muestra Art\u00edstica y Cultural<\/b><\/p>\n<p>Lugar: Plazoleta de Ingenier\u00eda<\/p>\n<p>Hora: 5:00 p.m. -7:00 p.m.<\/p>\n<p>Abierto al p\u00fablico<\/p>\n<p><b>Encuentro de Egresados<\/b><\/p>\n<p>Se reunir\u00e1n egresados de todas las generaciones y de todos los programas acad\u00e9micos de ingenier\u00eda que han pasado por las aulas de la Facultad de Ingenier\u00eda.<\/p>\n<p>Lugar: Auditorio No. 5<\/p>\n<p>Hora: 6:00 p.m. &#8211; 8:00 p.m.<\/p>\n<p>Invitados: Egresados<\/p>\n<p>Fuente: Agencia de Noticias Univalle<\/p>\n","protected":false},"excerpt":{"rendered":"<p>En el a\u00f1o 2015 la Facultad de Ingenier\u00eda cumple 70 a\u00f1os junto con la Universidad del Valle, siendo la instituci\u00f3n acad\u00e9mica m\u00e1s importante del suroccidente colombiano y creando alternativas de producci\u00f3n sostenibles, fomentando la labor investigativa y formando profesionales altamente calificados. Por eso la Facultad de Ingenier\u00eda celebrar\u00e1 su septuag\u00e9simo[&#8230;]<\/p>\n","protected":false},"author":1,"featured_media":7673,"comment_status":"open","ping_status":"open","sticky":false,"template":"","format":"standard","meta":{"footnotes":""},"categories":[4],"tags":[],"_links":{"self":[{"href":"https:\/\/emisora.univalle.edu.co\/index.php\/wp-json\/wp\/v2\/posts\/7675"}],"collection":[{"href":"https:\/\/emisora.univalle.edu.co\/index.php\/wp-json\/wp\/v2\/posts"}],"about":[{"href":"https:\/\/emisora.univalle.edu.co\/index.php\/wp-json\/wp\/v2\/types\/post"}],"author":[{"embeddable":true,"href":"https:\/\/emisora.univalle.edu.co\/index.php\/wp-json\/wp\/v2\/users\/1"}],"replies":[{"embeddable":true,"href":"https:\/\/emisora.univalle.edu.co\/index.php\/wp-json\/wp\/v2\/comments?post=7675"}],"version-history":[{"count":1,"href":"https:\/\/emisora.univalle.edu.co\/index.php\/wp-json\/wp\/v2\/posts\/7675\/revisions"}],"predecessor-version":[{"id":7676,"href":"https:\/\/emisora.univalle.edu.co\/index.php\/wp-json\/wp\/v2\/posts\/7675\/revisions\/7676"}],"wp:featuredmedia":[{"embeddable":true,"href":"https:\/\/emisora.univalle.edu.co\/index.php\/wp-json\/wp\/v2\/media\/7673"}],"wp:attachment":[{"href":"https:\/\/emisora.univalle.edu.co\/index.php\/wp-json\/wp\/v2\/media?parent=7675"}],"wp:term":[{"taxonomy":"category","embeddable":true,"href":"https:\/\/emisora.univalle.edu.co\/index.php\/wp-json\/wp\/v2\/categories?post=7675"},{"taxonomy":"post_tag","embeddable":true,"href":"https:\/\/emisora.univalle.edu.co\/index.php\/wp-json\/wp\/v2\/tags?post=7675"}],"curies":[{"name":"wp","href":"https:\/\/api.w.org\/{rel}","templated":true}]}}