{"id":7683,"date":"2015-10-06T15:41:49","date_gmt":"2015-10-06T20:41:49","guid":{"rendered":"https:\/\/emisora.univalle.edu.co\/\/?p=7683"},"modified":"2015-10-06T15:41:49","modified_gmt":"2015-10-06T20:41:49","slug":"capacitan-en-atencion-integral-mujeres-victimas-de-violencias","status":"publish","type":"post","link":"https:\/\/emisora.univalle.edu.co\/index.php\/capacitan-en-atencion-integral-mujeres-victimas-de-violencias\/","title":{"rendered":"Capacitan en atenci\u00f3n integral a mujeres v\u00edctimas de violencias"},"content":{"rendered":"<p><span style=\"line-height: 1.5em;\">En articulaci\u00f3n con la Subsecretar\u00eda de Polic\u00eda y Justicia, la Secretar\u00eda de Bienestar Social\u00a0 a trav\u00e9s del Eje Mujer ha venido desarrollando un ciclo tem\u00e1tico con funcionarios de las comisar\u00edas de familia, con el fin de sensibilizar sobre la atenci\u00f3n integral a las mujeres v\u00edctimas de violencias basadas en g\u00e9nero.<\/span><\/p>\n<p>Se busca contribuir a una atenci\u00f3n que no revictimice y de reconocimiento de las mujeres como sujetas de derechos.<\/p>\n<p>La jornada se desarroll\u00f3 en la Comisar\u00eda de Familia del\u00a0 barrio Fray Dami\u00e1n con el equipo t\u00e9cnico y administrativo, con quien se abord\u00f3 la perspectiva de g\u00e9nero, los tipos de violencias basadas en g\u00e9nero y su ciclo, como elementos fundamentales para la comprensi\u00f3n de la problem\u00e1tica y retroalimentaci\u00f3n del ejercicio de atenci\u00f3n que desarrollan las comisar\u00edas.<\/p>\n<p>El fortalecimiento de estas articulaciones entre las distintas dependencias y escenarios de atenci\u00f3n a las mujeres v\u00edctimas es esencial para definir acciones integrales que favorezcan el restablecimiento de sus derechos y les posibilite el avance hacia una vida libre de violencias.<\/p>\n<p>Fuente: Comunicaciones Alcald\u00eda<\/p>\n","protected":false},"excerpt":{"rendered":"<p>En articulaci\u00f3n con la Subsecretar\u00eda de Polic\u00eda y Justicia, la Secretar\u00eda de Bienestar Social\u00a0 a trav\u00e9s del Eje Mujer ha venido desarrollando un ciclo tem\u00e1tico con funcionarios de las comisar\u00edas de familia, con el fin de sensibilizar sobre la atenci\u00f3n integral a las mujeres v\u00edctimas de violencias basadas en g\u00e9nero.[&#8230;]<\/p>\n","protected":false},"author":1,"featured_media":7666,"comment_status":"open","ping_status":"open","sticky":false,"template":"","format":"standard","meta":{"footnotes":""},"categories":[4],"tags":[],"_links":{"self":[{"href":"https:\/\/emisora.univalle.edu.co\/index.php\/wp-json\/wp\/v2\/posts\/7683"}],"collection":[{"href":"https:\/\/emisora.univalle.edu.co\/index.php\/wp-json\/wp\/v2\/posts"}],"about":[{"href":"https:\/\/emisora.univalle.edu.co\/index.php\/wp-json\/wp\/v2\/types\/post"}],"author":[{"embeddable":true,"href":"https:\/\/emisora.univalle.edu.co\/index.php\/wp-json\/wp\/v2\/users\/1"}],"replies":[{"embeddable":true,"href":"https:\/\/emisora.univalle.edu.co\/index.php\/wp-json\/wp\/v2\/comments?post=7683"}],"version-history":[{"count":1,"href":"https:\/\/emisora.univalle.edu.co\/index.php\/wp-json\/wp\/v2\/posts\/7683\/revisions"}],"predecessor-version":[{"id":7684,"href":"https:\/\/emisora.univalle.edu.co\/index.php\/wp-json\/wp\/v2\/posts\/7683\/revisions\/7684"}],"wp:featuredmedia":[{"embeddable":true,"href":"https:\/\/emisora.univalle.edu.co\/index.php\/wp-json\/wp\/v2\/media\/7666"}],"wp:attachment":[{"href":"https:\/\/emisora.univalle.edu.co\/index.php\/wp-json\/wp\/v2\/media?parent=7683"}],"wp:term":[{"taxonomy":"category","embeddable":true,"href":"https:\/\/emisora.univalle.edu.co\/index.php\/wp-json\/wp\/v2\/categories?post=7683"},{"taxonomy":"post_tag","embeddable":true,"href":"https:\/\/emisora.univalle.edu.co\/index.php\/wp-json\/wp\/v2\/tags?post=7683"}],"curies":[{"name":"wp","href":"https:\/\/api.w.org\/{rel}","templated":true}]}}