{"id":7685,"date":"2015-10-06T15:45:12","date_gmt":"2015-10-06T20:45:12","guid":{"rendered":"https:\/\/emisora.univalle.edu.co\/\/?p=7685"},"modified":"2015-10-06T15:45:12","modified_gmt":"2015-10-06T20:45:12","slug":"iii-festival-de-musica-de-camara-guadalajara-de-buga-un-recorrido-de-melodias-traves-del-tiempo","status":"publish","type":"post","link":"https:\/\/emisora.univalle.edu.co\/index.php\/iii-festival-de-musica-de-camara-guadalajara-de-buga-un-recorrido-de-melodias-traves-del-tiempo\/","title":{"rendered":"III Festival de M\u00fasica de C\u00e1mara Guadalajara de Buga, un recorrido de melod\u00edas a trav\u00e9s del tiempo"},"content":{"rendered":"<p><span style=\"line-height: 1.5em;\">El certamen, que se celebrar\u00e1 en la Ciudad Se\u00f1ora del 8 al 11 de octubre, tambi\u00e9n se tomar\u00e1 como escenarios los municipios de Tulu\u00e1 y Roldanillo. Programaci\u00f3n gratuita.<\/span><\/p>\n<p>Tras el \u00e9xito de su primera y segunda edici\u00f3n, el Festival de M\u00fasica de C\u00e1mara Guadalajara de Buga, regresa para cautivar los o\u00eddos de los vallecaucanos. Con una programaci\u00f3n compuesta por talleres y conciertos, los amantes de la m\u00fasica cl\u00e1sica podr\u00e1n disfrutar en esta ocasi\u00f3n de un recorrido de melod\u00edas a trav\u00e9s del tiempo, desde el renacimiento hasta la actualidad.<\/p>\n<p>Buga, como sede principal del Festival, Roldanillo y Tulu\u00e1, son los escenarios escogidos este a\u00f1o. En estos espacios, los m\u00e1s emblem\u00e1ticos representantes del g\u00e9nero, interpretados por artistas nacionales e internacionales, har\u00e1n vibrar al p\u00fablico al comp\u00e1s de violines, piano y guitarras. En su tercera edici\u00f3n, el Festival contar\u00e1 con invitados especiales de pa\u00edses como Bulgaria, Ucrania, Rusia y Argentina.<\/p>\n<p>Este certamen naci\u00f3 hace dos a\u00f1os por iniciativa de la violinista\u00a0 rusa Tatiana Tchijova, directora de La Camerata Alf\u00e9rez Real, quien enamorada del Teatro Municipal y de la Ciudad Se\u00f1ora, pens\u00f3 en la creaci\u00f3n de un evento para disfrutar y vivir la m\u00fasica de c\u00e1mara. Con el apoyo del Ministerio de Cultura Nacional y la Gobernaci\u00f3n del Valle, este sue\u00f1o es hoy una realidad.<\/p>\n<p>\u201cDeseamos acercar al p\u00fablico joven a la m\u00fasica cl\u00e1sica. Queremos revivir la tradici\u00f3n de lo que significa Buga en el \u00e1mbito cultural, una ciudad que fue punto de parada de todas las compa\u00f1\u00edas de teatro y artistas que llegaban al pa\u00eds. Adem\u00e1s mostrar a los m\u00fasicos extranjeros lo bonito que es este lugar\u201d, expresa Tatiana Tchijova.<\/p>\n<p>El concierto inaugural ser\u00e1 el jueves 8 de octubre a las 7:00 p.m. en el Teatro Municipal de Buga. La agenda se extender\u00e1 hasta el domingo 11 de octubre, con presentaciones tambi\u00e9n la Catedral de San Pedro en Buga, la Universidad Central del Valle en Tulu\u00e1 y el reconocido Museo Rayo en Roldanillo.<\/p>\n<p>\u200bP\u00e1gina web: <a href=\"http:\/\/festivalguadalajaradebuga.com\/\">http:\/\/festivalguadalajaradebuga.com\/<\/a>\u200b<\/p>\n<p>Fuente: Comunicaciones Gobernaci\u00f3n<\/p>\n","protected":false},"excerpt":{"rendered":"<p>El certamen, que se celebrar\u00e1 en la Ciudad Se\u00f1ora del 8 al 11 de octubre, tambi\u00e9n se tomar\u00e1 como escenarios los municipios de Tulu\u00e1 y Roldanillo. Programaci\u00f3n gratuita. Tras el \u00e9xito de su primera y segunda edici\u00f3n, el Festival de M\u00fasica de C\u00e1mara Guadalajara de Buga, regresa para cautivar los[&#8230;]<\/p>\n","protected":false},"author":1,"featured_media":7671,"comment_status":"open","ping_status":"open","sticky":false,"template":"","format":"standard","meta":{"footnotes":""},"categories":[4],"tags":[],"_links":{"self":[{"href":"https:\/\/emisora.univalle.edu.co\/index.php\/wp-json\/wp\/v2\/posts\/7685"}],"collection":[{"href":"https:\/\/emisora.univalle.edu.co\/index.php\/wp-json\/wp\/v2\/posts"}],"about":[{"href":"https:\/\/emisora.univalle.edu.co\/index.php\/wp-json\/wp\/v2\/types\/post"}],"author":[{"embeddable":true,"href":"https:\/\/emisora.univalle.edu.co\/index.php\/wp-json\/wp\/v2\/users\/1"}],"replies":[{"embeddable":true,"href":"https:\/\/emisora.univalle.edu.co\/index.php\/wp-json\/wp\/v2\/comments?post=7685"}],"version-history":[{"count":1,"href":"https:\/\/emisora.univalle.edu.co\/index.php\/wp-json\/wp\/v2\/posts\/7685\/revisions"}],"predecessor-version":[{"id":7686,"href":"https:\/\/emisora.univalle.edu.co\/index.php\/wp-json\/wp\/v2\/posts\/7685\/revisions\/7686"}],"wp:featuredmedia":[{"embeddable":true,"href":"https:\/\/emisora.univalle.edu.co\/index.php\/wp-json\/wp\/v2\/media\/7671"}],"wp:attachment":[{"href":"https:\/\/emisora.univalle.edu.co\/index.php\/wp-json\/wp\/v2\/media?parent=7685"}],"wp:term":[{"taxonomy":"category","embeddable":true,"href":"https:\/\/emisora.univalle.edu.co\/index.php\/wp-json\/wp\/v2\/categories?post=7685"},{"taxonomy":"post_tag","embeddable":true,"href":"https:\/\/emisora.univalle.edu.co\/index.php\/wp-json\/wp\/v2\/tags?post=7685"}],"curies":[{"name":"wp","href":"https:\/\/api.w.org\/{rel}","templated":true}]}}