{"id":7687,"date":"2015-10-06T15:47:15","date_gmt":"2015-10-06T20:47:15","guid":{"rendered":"https:\/\/emisora.univalle.edu.co\/\/?p=7687"},"modified":"2015-10-06T15:47:15","modified_gmt":"2015-10-06T20:47:15","slug":"2-000-nuevos-cupos-tendra-zarzal-con-su-nueva-sede-de-universidad-del-valle","status":"publish","type":"post","link":"https:\/\/emisora.univalle.edu.co\/index.php\/2-000-nuevos-cupos-tendra-zarzal-con-su-nueva-sede-de-universidad-del-valle\/","title":{"rendered":"2.000 nuevos cupos tendr\u00e1 Zarzal con su nueva sede de Universidad del Valle"},"content":{"rendered":"<p><span style=\"line-height: 1.5em;\">En la v\u00eda Zarzal \u2013 La Paila se construir\u00e1 la nueva sede de la Universidad del Valle, lo que le permitir\u00e1 al municipio tener 2.000 nuevos cupos en pregrado y posgrado. El acto simb\u00f3lico de inicio lo presidi\u00f3 el Gobernador de los vallecaucanos Ubeimar Delgado Bland\u00f3n en compa\u00f1\u00eda del rector de Univalle y varias personalidades municipales y regionales.<\/span><\/p>\n<p>\u201cEsta obra financiada por el Sistema General de Regal\u00edas supera la inversi\u00f3n de los 10.000 millones de pesos, gestionados y respaldados por la administraci\u00f3n departamental en un ambicioso y promisorio proyecto educativo que muy seguramente traer\u00e1 m\u00e1s progreso no solo a Zarzal sino a toda la regi\u00f3n norte vallecaucana. Este proyecto hace parte de la pol\u00edtica de regionalizaci\u00f3n que lidera la Universidad del Valle y atiende a las necesidades acad\u00e9micas de nuestro departamento\u201d, indic\u00f3 el Gobernador Ubeimar.<\/p>\n<p>El rector de la Universidad del Valle Iv\u00e1n Enrique Ramos Calder\u00f3n, manifest\u00f3 que \u201cdesde el primer momento en que presentamos la obra ante el Ocad Pac\u00edfico, el gobernador Ubeimar Delgado se enamor\u00f3 de este proyecto, contamos al instante con el respaldo de \u00e9l para lo que hoy vemos reflejado. Con este acto de inicio a la construcci\u00f3n de la primera etapa de la nueva sede \u2018Las Balsas\u2019, Zarzal y el norte del departamento gozar\u00e1n de un campus universitario amplio, verde y equipado con sistemas educativos que garantizar\u00e1n el proceso acad\u00e9mico de los estudiantes\u201d.<\/p>\n<p>La comunidad acad\u00e9mica asistente se mostr\u00f3 sumamente complacida con lo que ser\u00e1 la nueva sede \u2018Las Balsas\u2019 y agradeci\u00f3 al gobernador y todas las autoridades que hicieron posible este sue\u00f1o.<\/p>\n<p>Fuente: Comunicaciones Gobernaci\u00f3n<\/p>\n","protected":false},"excerpt":{"rendered":"<p>En la v\u00eda Zarzal \u2013 La Paila se construir\u00e1 la nueva sede de la Universidad del Valle, lo que le permitir\u00e1 al municipio tener 2.000 nuevos cupos en pregrado y posgrado. El acto simb\u00f3lico de inicio lo presidi\u00f3 el Gobernador de los vallecaucanos Ubeimar Delgado Bland\u00f3n en compa\u00f1\u00eda del rector[&#8230;]<\/p>\n","protected":false},"author":1,"featured_media":7674,"comment_status":"open","ping_status":"open","sticky":false,"template":"","format":"standard","meta":{"footnotes":""},"categories":[4],"tags":[],"_links":{"self":[{"href":"https:\/\/emisora.univalle.edu.co\/index.php\/wp-json\/wp\/v2\/posts\/7687"}],"collection":[{"href":"https:\/\/emisora.univalle.edu.co\/index.php\/wp-json\/wp\/v2\/posts"}],"about":[{"href":"https:\/\/emisora.univalle.edu.co\/index.php\/wp-json\/wp\/v2\/types\/post"}],"author":[{"embeddable":true,"href":"https:\/\/emisora.univalle.edu.co\/index.php\/wp-json\/wp\/v2\/users\/1"}],"replies":[{"embeddable":true,"href":"https:\/\/emisora.univalle.edu.co\/index.php\/wp-json\/wp\/v2\/comments?post=7687"}],"version-history":[{"count":1,"href":"https:\/\/emisora.univalle.edu.co\/index.php\/wp-json\/wp\/v2\/posts\/7687\/revisions"}],"predecessor-version":[{"id":7688,"href":"https:\/\/emisora.univalle.edu.co\/index.php\/wp-json\/wp\/v2\/posts\/7687\/revisions\/7688"}],"wp:featuredmedia":[{"embeddable":true,"href":"https:\/\/emisora.univalle.edu.co\/index.php\/wp-json\/wp\/v2\/media\/7674"}],"wp:attachment":[{"href":"https:\/\/emisora.univalle.edu.co\/index.php\/wp-json\/wp\/v2\/media?parent=7687"}],"wp:term":[{"taxonomy":"category","embeddable":true,"href":"https:\/\/emisora.univalle.edu.co\/index.php\/wp-json\/wp\/v2\/categories?post=7687"},{"taxonomy":"post_tag","embeddable":true,"href":"https:\/\/emisora.univalle.edu.co\/index.php\/wp-json\/wp\/v2\/tags?post=7687"}],"curies":[{"name":"wp","href":"https:\/\/api.w.org\/{rel}","templated":true}]}}