{"id":7689,"date":"2015-10-06T15:53:25","date_gmt":"2015-10-06T20:53:25","guid":{"rendered":"https:\/\/emisora.univalle.edu.co\/\/?p=7689"},"modified":"2015-10-06T15:55:19","modified_gmt":"2015-10-06T20:55:19","slug":"mas-de-480-funcionarios-de-la-gobernacion-del-valle-reciben-capacitacion-por-parte-de-univalle","status":"publish","type":"post","link":"https:\/\/emisora.univalle.edu.co\/index.php\/mas-de-480-funcionarios-de-la-gobernacion-del-valle-reciben-capacitacion-por-parte-de-univalle\/","title":{"rendered":"M\u00e1s de 480 funcionarios de la Gobernaci\u00f3n del Valle reciben capacitaci\u00f3n por Univalle"},"content":{"rendered":"<p><span style=\"line-height: 1.5em;\">Gracias a un plan de formaci\u00f3n y capacitaci\u00f3n que adelanta la administraci\u00f3n departamental a trav\u00e9s de la Secretar\u00eda de Gesti\u00f3n Humana, m\u00e1s de 480 funcionarios del nivel central se encuentran en capacitaci\u00f3n con la <strong>Fundaci\u00f3n Universidad del Valle <\/strong>en cursos y diplomados aplicados al desarrollo institucional. Esta propuesta econ\u00f3mica supera los 180 millones de pesos.<\/span><\/p>\n<p>Mar\u00eda del Pilar Carvajal Hern\u00e1ndez secretaria de gesti\u00f3n humana del Gobierno del Valle, explic\u00f3 que \u201cesto es un convenio interadministrativo que hemos realizado con la Fundaci\u00f3n Universidad del Valle y la caja de compensaci\u00f3n de la gobernaci\u00f3n para garantizar el fortalecimiento de competencias y capacidades espec\u00edficas de los servidores p\u00fablicos de la administraci\u00f3n central departamental. Son m\u00e1s de 480 personas que est\u00e1n siendo beneficiadas en programas como normas internacionales de informaci\u00f3n financiera, verificaci\u00f3n de est\u00e1ndares de habilitaci\u00f3n, actualizaci\u00f3n de auditor\u00edas, liderazgo y trabajo en equipo, oratoria y mucho cursos y diplomados m\u00e1s\u201d.<\/p>\n<p>El desarrollo de estas capacitaciones es una muestra de los programas de mejora continua que tiene la Gobernaci\u00f3n del Valle, pensando en fortalecer a sus funcionarios para que d\u00eda a d\u00eda tengan las herramientas necesarias y est\u00e9n a la vanguardia en lo que compete a sus actividades laborales.<\/p>\n<p>Fuente: Comunicaciones Gobernaci\u00f3n<\/p>\n","protected":false},"excerpt":{"rendered":"<p>Gracias a un plan de formaci\u00f3n y capacitaci\u00f3n que adelanta la administraci\u00f3n departamental a trav\u00e9s de la Secretar\u00eda de Gesti\u00f3n Humana, m\u00e1s de 480 funcionarios del nivel central se encuentran en capacitaci\u00f3n con la Fundaci\u00f3n Universidad del Valle en cursos y diplomados aplicados al desarrollo institucional. Esta propuesta econ\u00f3mica supera[&#8230;]<\/p>\n","protected":false},"author":1,"featured_media":7667,"comment_status":"open","ping_status":"open","sticky":false,"template":"","format":"standard","meta":{"footnotes":""},"categories":[4],"tags":[],"_links":{"self":[{"href":"https:\/\/emisora.univalle.edu.co\/index.php\/wp-json\/wp\/v2\/posts\/7689"}],"collection":[{"href":"https:\/\/emisora.univalle.edu.co\/index.php\/wp-json\/wp\/v2\/posts"}],"about":[{"href":"https:\/\/emisora.univalle.edu.co\/index.php\/wp-json\/wp\/v2\/types\/post"}],"author":[{"embeddable":true,"href":"https:\/\/emisora.univalle.edu.co\/index.php\/wp-json\/wp\/v2\/users\/1"}],"replies":[{"embeddable":true,"href":"https:\/\/emisora.univalle.edu.co\/index.php\/wp-json\/wp\/v2\/comments?post=7689"}],"version-history":[{"count":3,"href":"https:\/\/emisora.univalle.edu.co\/index.php\/wp-json\/wp\/v2\/posts\/7689\/revisions"}],"predecessor-version":[{"id":7692,"href":"https:\/\/emisora.univalle.edu.co\/index.php\/wp-json\/wp\/v2\/posts\/7689\/revisions\/7692"}],"wp:featuredmedia":[{"embeddable":true,"href":"https:\/\/emisora.univalle.edu.co\/index.php\/wp-json\/wp\/v2\/media\/7667"}],"wp:attachment":[{"href":"https:\/\/emisora.univalle.edu.co\/index.php\/wp-json\/wp\/v2\/media?parent=7689"}],"wp:term":[{"taxonomy":"category","embeddable":true,"href":"https:\/\/emisora.univalle.edu.co\/index.php\/wp-json\/wp\/v2\/categories?post=7689"},{"taxonomy":"post_tag","embeddable":true,"href":"https:\/\/emisora.univalle.edu.co\/index.php\/wp-json\/wp\/v2\/tags?post=7689"}],"curies":[{"name":"wp","href":"https:\/\/api.w.org\/{rel}","templated":true}]}}