{"id":7729,"date":"2015-10-14T15:10:15","date_gmt":"2015-10-14T20:10:15","guid":{"rendered":"https:\/\/emisora.univalle.edu.co\/\/?p=7729"},"modified":"2015-10-14T15:10:15","modified_gmt":"2015-10-14T20:10:15","slug":"la-comunidad-pregunta-la-personeria-municipal-de-santiago-de-cali","status":"publish","type":"post","link":"https:\/\/emisora.univalle.edu.co\/index.php\/la-comunidad-pregunta-la-personeria-municipal-de-santiago-de-cali\/","title":{"rendered":"\u201cLa Comunidad Pregunta\u201d a la Personer\u00eda Municipal de Santiago de Cali"},"content":{"rendered":"<p><span style=\"line-height: 1.5em;\"><a href=\"https:\/\/emisora.univalle.edu.co\/\/wp-content\/uploads\/2015\/10\/Comunidad-pregunta.jpg\" data-lightbox=\"gal[7729]\"><img loading=\"lazy\" decoding=\"async\" class=\"wp-image-7719 alignleft\" alt=\"Comunidad pregunta\" src=\"https:\/\/emisora.univalle.edu.co\/\/wp-content\/uploads\/2015\/10\/Comunidad-pregunta.jpg\" width=\"478\" height=\"626\" srcset=\"https:\/\/emisora.univalle.edu.co\/wp-content\/uploads\/2015\/10\/Comunidad-pregunta.jpg 1066w, https:\/\/emisora.univalle.edu.co\/wp-content\/uploads\/2015\/10\/Comunidad-pregunta-228x300.jpg 228w, https:\/\/emisora.univalle.edu.co\/wp-content\/uploads\/2015\/10\/Comunidad-pregunta-438x574.jpg 438w\" sizes=\"(max-width: 478px) 100vw, 478px\" \/><\/a>La Comunidad Pregunta: Personeria de Cali \u00bfQu\u00e9 es la Personer\u00eda Municipal de Santiago de Cali? \u00bfQu\u00e9 funciones cumple? \u00bfQu\u00e9 servicios presta? son algunas de las preguntas que los ciudadanos podr\u00e1n resolver este jueves 15 de octubre desde las 9:00 am en el espacio de \u201cLa Comunidad Pregunta\u201d, promovido por la Escuela de Salud P\u00fablica de la Facultad de Salud de la Universidad del Valle.<\/span><\/p>\n<p>En este escenario se busca que la comunidad en general conozca e interrogue en forma directa a funcionarios de entidades p\u00fablicas, en este caso de la Personer\u00eda de Santiago de Cali, para una mejor informaci\u00f3n que le garantice el ejercicio de sus derechos y deberes ciudadanos.<\/p>\n<p>Para resolver las preguntas de los ciudadanos ha sido invitada a este evento la doctora Addy Salcedo, Subdirectora de Defensa y Protecci\u00f3n de Derechos Humanos de la Personer\u00eda.<\/p>\n<p><b>\u00bfSab\u00edas qu\u00e9 es la Personer\u00eda?<\/b><\/p>\n<p>La Personer\u00eda Municipal de Santiago de Cali es una entidad p\u00fablica que busca garantizar la promoci\u00f3n, protecci\u00f3n y defensa de los derechos fundamentales de los ciudadanos.<\/p>\n<p>La Personer\u00eda tambi\u00e9n vigila la conducta oficial de los funcionarios p\u00fablicos y hace control sobre la gesti\u00f3n de la Administraci\u00f3n Municipal. Es tambi\u00e9n la encargada de vigilar el debido proceso, velar por la conservaci\u00f3n del medio ambiente y por la protecci\u00f3n de derechos colectivos, del consumidor y de todas las comunidades vulnerables. Tiene adem\u00e1s como funci\u00f3n ser veedora del tesoro p\u00fablico e incentivar los mecanismos de participaci\u00f3n a trav\u00e9s de las veedur\u00edas ciudadanas.<\/p>\n<p>En esta oportunidad, La Comunidad Pregunta busca que la ciudadan\u00eda en general conozca m\u00e1s de esta importante entidad del Ministerio P\u00fablico.<\/p>\n<p><b>\u00bfQu\u00e9 es La Comunidad Pregunta?<\/b><\/p>\n<p>La Escuela de Salud P\u00fablica de la Universidad del Valle realiza \u201cLa Comunidad Pregunta\u201d como un espacio para el acercamiento de la comunidad a las instituciones p\u00fablicas, con el fin de que se conozcan sus \u00e1reas de actuaci\u00f3n, funciones y servicios para incentivar la participaci\u00f3n ciudadana en temas de inter\u00e9s general y un mejor uso de dichas instituciones.<\/p>\n<p>Adem\u00e1s, busca promover la responsabilidad que tienen las entidades p\u00fablicas de mantener informada la comunidad y brindar herramientas y conocimiento a la sociedad para que participe activamente, tome decisiones informadas y defienda sus derechos.<\/p>\n<p>Este evento con la Personer\u00eda Municipal se llevar\u00e1 a cabo el jueves 15 de octubre de 2015, de 9:00 am a 12:00 pm, en el auditorio Ives Chatain de la Facultad de Salud de la Universidad del Valle, campus San Fernando.<\/p>\n<p><b>Inscripciones a la jornada<\/b><\/p>\n<p>La entrada a esta sesi\u00f3n es libre, previa inscripci\u00f3n en el siguiente enlace: http:\/\/goo.gl\/forms\/FuMwM3HU9m<\/p>\n<p><b>M\u00e1s informaci\u00f3n<\/b><\/p>\n<p>Oficina de Extensi\u00f3n y Proyecci\u00f3n Social<\/p>\n<p>Escuela de Salud P\u00fablica &#8211; Universidad del Valle<\/p>\n<p>extension.saludpublica@correounivalle.edu.co<\/p>\n<p>Tel\u00e9fonos: 5542476 &#8211; 5542480<\/p>\n<p>Fuente: Comunicaciones Escuela de Salud P\u00fablica Univalle<\/p>\n","protected":false},"excerpt":{"rendered":"<p>La Comunidad Pregunta: Personeria de Cali \u00bfQu\u00e9 es la Personer\u00eda Municipal de Santiago de Cali? \u00bfQu\u00e9 funciones cumple? \u00bfQu\u00e9 servicios presta? son algunas de las preguntas que los ciudadanos podr\u00e1n resolver este jueves 15 de octubre desde las 9:00 am en el espacio de \u201cLa Comunidad Pregunta\u201d, promovido por la[&#8230;]<\/p>\n","protected":false},"author":1,"featured_media":7724,"comment_status":"open","ping_status":"open","sticky":false,"template":"","format":"standard","meta":{"footnotes":""},"categories":[4],"tags":[],"_links":{"self":[{"href":"https:\/\/emisora.univalle.edu.co\/index.php\/wp-json\/wp\/v2\/posts\/7729"}],"collection":[{"href":"https:\/\/emisora.univalle.edu.co\/index.php\/wp-json\/wp\/v2\/posts"}],"about":[{"href":"https:\/\/emisora.univalle.edu.co\/index.php\/wp-json\/wp\/v2\/types\/post"}],"author":[{"embeddable":true,"href":"https:\/\/emisora.univalle.edu.co\/index.php\/wp-json\/wp\/v2\/users\/1"}],"replies":[{"embeddable":true,"href":"https:\/\/emisora.univalle.edu.co\/index.php\/wp-json\/wp\/v2\/comments?post=7729"}],"version-history":[{"count":1,"href":"https:\/\/emisora.univalle.edu.co\/index.php\/wp-json\/wp\/v2\/posts\/7729\/revisions"}],"predecessor-version":[{"id":7730,"href":"https:\/\/emisora.univalle.edu.co\/index.php\/wp-json\/wp\/v2\/posts\/7729\/revisions\/7730"}],"wp:featuredmedia":[{"embeddable":true,"href":"https:\/\/emisora.univalle.edu.co\/index.php\/wp-json\/wp\/v2\/media\/7724"}],"wp:attachment":[{"href":"https:\/\/emisora.univalle.edu.co\/index.php\/wp-json\/wp\/v2\/media?parent=7729"}],"wp:term":[{"taxonomy":"category","embeddable":true,"href":"https:\/\/emisora.univalle.edu.co\/index.php\/wp-json\/wp\/v2\/categories?post=7729"},{"taxonomy":"post_tag","embeddable":true,"href":"https:\/\/emisora.univalle.edu.co\/index.php\/wp-json\/wp\/v2\/tags?post=7729"}],"curies":[{"name":"wp","href":"https:\/\/api.w.org\/{rel}","templated":true}]}}