{"id":7736,"date":"2015-10-14T15:15:46","date_gmt":"2015-10-14T20:15:46","guid":{"rendered":"https:\/\/emisora.univalle.edu.co\/\/?p=7736"},"modified":"2015-10-14T15:15:46","modified_gmt":"2015-10-14T20:15:46","slug":"habra-jornada-empresarial-para-potencializar-habilidades-de-negociacion-este-jueves","status":"publish","type":"post","link":"https:\/\/emisora.univalle.edu.co\/index.php\/habra-jornada-empresarial-para-potencializar-habilidades-de-negociacion-este-jueves\/","title":{"rendered":"Habr\u00e1 jornada empresarial para potencializar habilidades de negociaci\u00f3n, este jueves"},"content":{"rendered":"<p><span style=\"line-height: 1.5em;\">Este jueves 15 de octubre, Planeaci\u00f3n Municipal y la C\u00e1mara de Comercio de Cali realizar\u00e1n el evento \u2018Speed Networking\u2019, dirigido a empresarios locales para fortalecer las habilidades de negociaci\u00f3n y generar interacci\u00f3n con potenciales clientes.<\/span><\/p>\n<p>Este evento, que se realizar\u00e1 en la Universidad Icesi, es liderado por la Subdirecci\u00f3n de Desarrollo Integral y maneja una metodolog\u00eda de trabajo \u201cque busca que los empresarios puedan realizar el mayor n\u00famero de contactos empresariales e identificar clientes, proveedores y socios claves\u201d, explic\u00f3 la subdirectora, Mar\u00eda Virginia Jord\u00e1n.<\/p>\n<p>Asimismo, valor\u00f3 el esfuerzo conjunto de la Alcald\u00eda y la C\u00e1mara de comercio de Cali, por considerar que \u201cmejoran los procesos empresariales y ayudan al crecimiento de las organizaciones que finalmente aportan al desarrollo competitivo de la ciudad\u201d.<\/p>\n<p>Las personas interesadas en participar en el evento deben confirmar asistencia al correo electr\u00f3nico fomentoclustercali@gmail.com o juangruber@gmail.com, antes de finalizar el d\u00eda, por cuanto los cupos son limitados.<\/p>\n<p>En el correo deben aportar nombre de la persona que representar\u00e1 a la empresa, n\u00famero de identificaci\u00f3n, tel\u00e9fono de contacto y nombre de la empresa.<\/p>\n<p>El evento se realizar\u00e1 en la Universidad Icesi, sal\u00f3n 108 G, a partir de las 2:00 p.m. este jueves 15 de octubre de 2015.<\/p>\n<p>La Administraci\u00f3n Municipal a trav\u00e9s de Planeaci\u00f3n lidera las actividades de fortalecimiento y emprendimiento as\u00ed como las de innovaci\u00f3n empresarial.<\/p>\n<p>Fuente: Comunicaciones Alacld\u00eda<\/p>\n","protected":false},"excerpt":{"rendered":"<p>Este jueves 15 de octubre, Planeaci\u00f3n Municipal y la C\u00e1mara de Comercio de Cali realizar\u00e1n el evento \u2018Speed Networking\u2019, dirigido a empresarios locales para fortalecer las habilidades de negociaci\u00f3n y generar interacci\u00f3n con potenciales clientes. Este evento, que se realizar\u00e1 en la Universidad Icesi, es liderado por la Subdirecci\u00f3n de[&#8230;]<\/p>\n","protected":false},"author":1,"featured_media":5961,"comment_status":"open","ping_status":"open","sticky":false,"template":"","format":"standard","meta":{"footnotes":""},"categories":[4],"tags":[],"_links":{"self":[{"href":"https:\/\/emisora.univalle.edu.co\/index.php\/wp-json\/wp\/v2\/posts\/7736"}],"collection":[{"href":"https:\/\/emisora.univalle.edu.co\/index.php\/wp-json\/wp\/v2\/posts"}],"about":[{"href":"https:\/\/emisora.univalle.edu.co\/index.php\/wp-json\/wp\/v2\/types\/post"}],"author":[{"embeddable":true,"href":"https:\/\/emisora.univalle.edu.co\/index.php\/wp-json\/wp\/v2\/users\/1"}],"replies":[{"embeddable":true,"href":"https:\/\/emisora.univalle.edu.co\/index.php\/wp-json\/wp\/v2\/comments?post=7736"}],"version-history":[{"count":1,"href":"https:\/\/emisora.univalle.edu.co\/index.php\/wp-json\/wp\/v2\/posts\/7736\/revisions"}],"predecessor-version":[{"id":7737,"href":"https:\/\/emisora.univalle.edu.co\/index.php\/wp-json\/wp\/v2\/posts\/7736\/revisions\/7737"}],"wp:featuredmedia":[{"embeddable":true,"href":"https:\/\/emisora.univalle.edu.co\/index.php\/wp-json\/wp\/v2\/media\/5961"}],"wp:attachment":[{"href":"https:\/\/emisora.univalle.edu.co\/index.php\/wp-json\/wp\/v2\/media?parent=7736"}],"wp:term":[{"taxonomy":"category","embeddable":true,"href":"https:\/\/emisora.univalle.edu.co\/index.php\/wp-json\/wp\/v2\/categories?post=7736"},{"taxonomy":"post_tag","embeddable":true,"href":"https:\/\/emisora.univalle.edu.co\/index.php\/wp-json\/wp\/v2\/tags?post=7736"}],"curies":[{"name":"wp","href":"https:\/\/api.w.org\/{rel}","templated":true}]}}