{"id":7746,"date":"2015-10-14T15:29:15","date_gmt":"2015-10-14T20:29:15","guid":{"rendered":"https:\/\/emisora.univalle.edu.co\/\/?p=7746"},"modified":"2015-10-14T15:29:15","modified_gmt":"2015-10-14T20:29:15","slug":"final-del-encuentro-de-talentos-somos-pacifico-2015-es-este-viernes","status":"publish","type":"post","link":"https:\/\/emisora.univalle.edu.co\/index.php\/final-del-encuentro-de-talentos-somos-pacifico-2015-es-este-viernes\/","title":{"rendered":"Final del Encuentro de Talentos Somos Pac\u00edfico 2015 es este viernes"},"content":{"rendered":"<p><span style=\"line-height: 1.5em;\">El evento final del Encuentro de Talentos Somos Pac\u00edfico 2015 tendr\u00e1 lugar este viernes 16 de octubre y contar\u00e1 con la participaci\u00f3n de los grupos seleccionados en las audiciones adem\u00e1s de la participaci\u00f3n de invitados especiales como el reconocido grupo cale\u00f1o Circus Funk.<\/span><\/p>\n<p>El evento \u2013que es gratuito- iniciar\u00e1 a las 2:00 p.m. y finalizar\u00e1 a las 6:00 p.m.; se realizar\u00e1 en las instalaciones del Tecnocentro Cultural Somos Pac\u00edfico, ubicado en la carrera 28B #121B \u2013 55\u00a0 del barrio Potrero Grande.<\/p>\n<p>Se trata de la segunda versi\u00f3n del proceso exploratorio de talentos que nace como una iniciativa del Tecnocentro Cultural Somos Pac\u00edfico para identificar y potenciar los talentos culturales presentes en la comuna 21 del oriente de Cali.<\/p>\n<p>Se busca que las personas talentosas del sector identifiquen la labor art\u00edstica como una alternativa de vida. Uno de los aspectos m\u00e1s importantes del proyecto tiene que ver con el fortalecimiento de las propuestas art\u00edsticas en t\u00e9rminos de emprendimiento cultural.<\/p>\n<p>En el mes de septiembre se realizaron las audiciones para determinar los finalistas del\u00a0 Encuentro de Talentos en dos categor\u00edas, danza y m\u00fasica. En cada una se seleccionaron cinco (5) finalistas que tendr\u00e1n la oportunidad de presentarse ante un p\u00fablico en la final y de esta manera convencer a los jueces del concurso de ser los mejores.<\/p>\n<p>Para mayor informaci\u00f3n se pueden comunicar al 3176380186.<\/p>\n<p>Fuente: Comunicaciones Alcald\u00eda<\/p>\n","protected":false},"excerpt":{"rendered":"<p>El evento final del Encuentro de Talentos Somos Pac\u00edfico 2015 tendr\u00e1 lugar este viernes 16 de octubre y contar\u00e1 con la participaci\u00f3n de los grupos seleccionados en las audiciones adem\u00e1s de la participaci\u00f3n de invitados especiales como el reconocido grupo cale\u00f1o Circus Funk. El evento \u2013que es gratuito- iniciar\u00e1 a[&#8230;]<\/p>\n","protected":false},"author":1,"featured_media":7727,"comment_status":"open","ping_status":"open","sticky":false,"template":"","format":"standard","meta":{"footnotes":""},"categories":[4],"tags":[],"_links":{"self":[{"href":"https:\/\/emisora.univalle.edu.co\/index.php\/wp-json\/wp\/v2\/posts\/7746"}],"collection":[{"href":"https:\/\/emisora.univalle.edu.co\/index.php\/wp-json\/wp\/v2\/posts"}],"about":[{"href":"https:\/\/emisora.univalle.edu.co\/index.php\/wp-json\/wp\/v2\/types\/post"}],"author":[{"embeddable":true,"href":"https:\/\/emisora.univalle.edu.co\/index.php\/wp-json\/wp\/v2\/users\/1"}],"replies":[{"embeddable":true,"href":"https:\/\/emisora.univalle.edu.co\/index.php\/wp-json\/wp\/v2\/comments?post=7746"}],"version-history":[{"count":1,"href":"https:\/\/emisora.univalle.edu.co\/index.php\/wp-json\/wp\/v2\/posts\/7746\/revisions"}],"predecessor-version":[{"id":7747,"href":"https:\/\/emisora.univalle.edu.co\/index.php\/wp-json\/wp\/v2\/posts\/7746\/revisions\/7747"}],"wp:featuredmedia":[{"embeddable":true,"href":"https:\/\/emisora.univalle.edu.co\/index.php\/wp-json\/wp\/v2\/media\/7727"}],"wp:attachment":[{"href":"https:\/\/emisora.univalle.edu.co\/index.php\/wp-json\/wp\/v2\/media?parent=7746"}],"wp:term":[{"taxonomy":"category","embeddable":true,"href":"https:\/\/emisora.univalle.edu.co\/index.php\/wp-json\/wp\/v2\/categories?post=7746"},{"taxonomy":"post_tag","embeddable":true,"href":"https:\/\/emisora.univalle.edu.co\/index.php\/wp-json\/wp\/v2\/tags?post=7746"}],"curies":[{"name":"wp","href":"https:\/\/api.w.org\/{rel}","templated":true}]}}